{"id":291,"date":"2021-07-27T10:05:16","date_gmt":"2021-07-27T08:05:16","guid":{"rendered":"https:\/\/www.visitvarmland.com\/arjang\/?post_type=articles&#038;p=291"},"modified":"2026-04-17T15:24:39","modified_gmt":"2026-04-17T13:24:39","slug":"unionsleden","status":"publish","type":"articles","link":"https:\/\/www.visitvarmland.com\/arjang\/tips-och-guider\/unionsleden\/","title":{"rendered":"Unionsleden"},"content":{"rendered":"\n<h3 class=\"wp-block-heading\">V\u00e4lkommen till en gr\u00e4ns\u00f6verskridande cykelled!<\/h3>\n\n\n\n<p>Unionsleden \u00e4r Sveriges 4:e nationella cykelled. Unionsleden \u00e4r 350 km l\u00e5ng och str\u00e4cker sig fr\u00e5n Norska Moss i v\u00e4ster till Karlstad i \u00f6ster. Leden har utformats med stor vikt p\u00e5 att du som cyklar f\u00e5r en helhetsupplevelse som kombinerar fina v\u00e4gar, vacker natur, bra boende, god mat och utvalda sev\u00e4rdheter l\u00e4ngs v\u00e4gen.<\/p>\n\n\n\n<h3 class=\"wp-block-heading\">350 km i 7 etapper genom 2 l\u00e4nder<\/h3>\n\n\n\n<p>Namnet och id\u00e9n till str\u00e4ckningen har leden f\u00e5tt efter den Norsk\/Svenska union som bildades i Moss 1814 och uppl\u00f6stes i Karlstad 1905. L\u00e4ngs Unionsleden finns sev\u00e4rdheter som knyter an till dess historia. Men \u00e4ven konstgallerier, ett whiskydestilleri, g\u00e5rdsbutiker och vackra slussmilj\u00f6er dyker upp l\u00e4ngs leden. Om du vill ha omv\u00e4xling till cykelsadeln finns m\u00e5nga aktiviteter, b\u00e5tturer, paddling, vandring eller varf\u00f6r inte prova fiskelyckan. En god natts s\u00f6mn \u00e4r viktig, s\u00e5 man vaknar pigg och utvilad inf\u00f6r dagens aktiviteter. L\u00e4ngs Unionsleden kan du bo p\u00e5 hotell, herrg\u00e5rd, stugor, camping eller B&amp;B.<\/p>\n\n\n\n<hr class=\"wp-block-separator has-text-color has-guld-color has-css-opacity has-guld-background-color has-background is-style-wide\" \/>\n\n\n\n<ul class=\"wp-block-list\">\n<li><strong><a href=\"https:\/\/www.unionsleden.com\/etapper\/askim-moss-unionsleden\/\" target=\"_blank\" rel=\"noopener\">Etapp 1, Moss-Askim, 45,5 km<\/a><\/strong><\/li>\n\n\n\n<li><strong><a href=\"https:\/\/www.unionsleden.com\/etapper\/tocksfors-askim-unionsleden\/\" target=\"_blank\" rel=\"noopener\">Etapp 2, Askim-T\u00f6cksfors, 57 km<\/a><\/strong><\/li>\n\n\n\n<li><strong><a href=\"https:\/\/www.unionsleden.com\/etapper\/tocksfors-bengtsfors-unionsleden\/\" target=\"_blank\" rel=\"noopener\">Etapp 3, T\u00f6cksfors-Lennartsfors, 41,2 km<\/a><\/strong><\/li>\n\n\n\n<li><strong><a href=\"https:\/\/www.unionsleden.com\/etapper\/unionsleden-etapp-4-lennartsfors-bengtsfors\/\" target=\"_blank\" rel=\"noopener\">Etapp 4, Lennartsfors-Bengtsfors, 46 km<\/a><\/strong><\/li>\n\n\n\n<li><strong><a href=\"https:\/\/www.unionsleden.com\/etapper\/bengtsfors-edsleskog-unionsleden-etapp-5\/\" target=\"_blank\" rel=\"noopener\">Etapp 5, Bengtsfors-Edsleskog, 42,8 km<\/a><\/strong><\/li>\n\n\n\n<li><strong><a href=\"https:\/\/www.unionsleden.com\/etapper\/edsleskog-borgvik-Unionsleden-etapp-6\/\" target=\"_blank\" rel=\"noopener\">Etapp 6, Edsleskog-Borgvik, 60 km<\/a><\/strong><\/li>\n\n\n\n<li><strong><a href=\"https:\/\/www.unionsleden.com\/etapper\/borgvik-karlstad-unionsleden\/\" target=\"_blank\" rel=\"noopener\">Etapp 7, Borgvik-Karlstad, 49,6 km<\/a><\/strong><\/li>\n<\/ul>\n\n\n\n<hr class=\"wp-block-separator has-text-color has-guld-color has-css-opacity has-guld-background-color has-background is-style-wide\" \/>\n\n\n\n<h3 class=\"wp-block-heading\">Tre etapper i \u00c5rj\u00e4ng<\/h3>\n\n\n\n<p>Tre av etapperna cyklas helt eller delvis i \u00c5rj\u00e4ngs vackra omgivningar. Etapperna i v\u00e5rt omr\u00e5de ber\u00f6r fr\u00e4mst str\u00e4ckningen mellan&nbsp;<a rel=\"noreferrer noopener\" href=\"https:\/\/www.unionsleden.com\/etapper\/tocksfors-bengtsfors-unionsleden\/\" target=\"_blank\">T\u00f6cksfors<\/a>&nbsp;och&nbsp;<a rel=\"noreferrer noopener\" href=\"https:\/\/www.unionsleden.com\/etapper\/unionsleden-etapp-4-lennartsfors-bengtsfors\/\" target=\"_blank\">Lennartsfors<\/a>&nbsp;och ner till Bengtsfors i Dalsland. Sj\u00e4lvklart kan man cykla Unionsleden eller delar av den som ett intensivt tr\u00e4ningspass men vi rekommenderar att du tar dig tid, myscykla! Det finns s\u00e5 mycket att se och uppleva l\u00e4ngs leden.<\/p>\n\n\n\n<h3 class=\"wp-block-heading\">Infrastruktur<\/h3>\n\n\n\n<p>Leden g\u00e5r p\u00e5 en blandning av l\u00e5gtrafikerade asfalterade sm\u00e5v\u00e4gar, grusv\u00e4gar och cykelbanor. Kartverktyget ger dig bra information om b\u00e5de underlag och niv\u00e5skillnader. T\u00e4nk p\u00e5 att utbudet och avst\u00e5ndet mellan service som butiker, m\u00f6jlighet till fika och mat varierar. Ibland kan medhavd picknic vara ett bra alternativ, flera av boendena erbjuder matpaket som du kan ta med dig. Med tanke p\u00e5 pandemin rekommenderar vi att du kontrollerar \u00f6ppettider p\u00e5 dina planerade stopp l\u00e4ngs v\u00e4gen en extra g\u00e5ng<\/p>\n\n\n\n<h3 class=\"wp-block-heading\">Cykelatlas Unionsleden<\/h3>\n\n\n\n<p>Tryckt kartmaterial om Unionsleden har varit efterl\u00e4ngtat av m\u00e5nga cyklister och nu har det kommit. Ett beh\u00e4ndigt format i vattenbest\u00e4ndigt material. Utgivare \u00e4r Calazo f\u00f6rlaget. <\/p>\n\n\n\n<figure class=\"wp-block-image size-large\"><img loading=\"lazy\" decoding=\"async\" width=\"1024\" height=\"576\" src=\"https:\/\/www.visitvarmland.com\/arjang\/wp-content\/uploads\/sites\/19\/2023\/06\/20230603_104140-1024x576-1.jpg\" alt=\"\" class=\"wp-image-1912\" srcset=\"https:\/\/www.visitvarmland.com\/app\/uploads\/sites\/19\/2023\/06\/20230603_104140-1024x576-1.jpg 1024w, https:\/\/www.visitvarmland.com\/app\/uploads\/sites\/19\/2023\/06\/20230603_104140-1024x576-1-300x169.jpg 300w, https:\/\/www.visitvarmland.com\/app\/uploads\/sites\/19\/2023\/06\/20230603_104140-1024x576-1-768x432.jpg 768w, https:\/\/www.visitvarmland.com\/app\/uploads\/sites\/19\/2023\/06\/20230603_104140-1024x576-1-18x10.jpg 18w, https:\/\/www.visitvarmland.com\/app\/uploads\/sites\/19\/2023\/06\/20230603_104140-1024x576-1-150x84.jpg 150w, https:\/\/www.visitvarmland.com\/app\/uploads\/sites\/19\/2023\/06\/20230603_104140-1024x576-1-600x338.jpg 600w\" sizes=\"auto, (max-width: 1024px) 100vw, 1024px\" \/><\/figure>\n\n\n\n<div class=\"wp-block-atheme-component-action-button atheme-wrapper--action-button-single\"><a href=\"https:\/\/www.calazo.se\/kartor\/cykelatlas-unionsleden-150000\/\" target=\"_self\" class=\"a-action a-action--arrow\" rel=\"noopener\"><span>K\u00f6p kartan h\u00e4r<\/span><\/a><\/div>\n\n\n\n<div class=\"wp-block-atheme-component-action-button atheme-wrapper--action-button-single\"><a href=\"https:\/\/www.visitvarmland.com\/arjang\/wp-content\/uploads\/sites\/19\/2021\/12\/unionsleden-A5_liggande-folder_slutgiltig.pdf\" target=\"_self\" class=\"a-action a-action--arrow\" rel=\"noopener\"><span>L\u00e4s och ladda ner Unionsledens folder h\u00e4r<\/span><\/a><\/div>\n\n\n\n<div class=\"wp-block-atheme-component-action-button atheme-wrapper--action-button-single\"><a href=\"https:\/\/www.visitvarmland.com\/app\/uploads\/sites\/19\/2026\/04\/Chain-Reaction-MASTER.mp3\" target=\"_self\" class=\"a-action a-action--arrow\" rel=\"noopener\"><span>Lyssna<\/span><\/a><\/div>\n\n\n\n<div class=\"wp-block-buttons is-layout-flex wp-block-buttons-is-layout-flex\">\n<div class=\"wp-block-button has-custom-width wp-block-button__width-100 is-style-fill\"><a class=\"wp-block-button__link has-svart-color has-guld-background-color has-text-color has-background wp-element-button\" href=\"https:\/\/www.unionsleden.com\/\" rel=\"https:\/\/www.unionsleden.com\/ noopener\" target=\"_blank\">L\u00e4s mer p\u00e5 <strong>UNIONSLEDEN.COM<\/strong><\/a><\/div>\n<\/div>\n\n\n\n<div class=\"wp-block-atheme-component-collage-3 atheme-collage\"><div class=\"atheme-collage--triple\"><div class=\"atheme-collage--image\" style=\"background-image:url( https:\/\/www.visitvarmland.com\/arjang\/wp-content\/uploads\/sites\/19\/2021\/07\/180829-web-9608.jpg )\"><div id=\"fhSUHYrtlIOPyBVf\" class=\"atheme-collage--infobox\"><p>Fina slussmilj\u00f6er vid Dalslands kanal<\/p><\/div><div class=\"atheme-collage--action\"><div class=\"atheme-collage--action-btn\"><i class=\"fal fa-ellipsis-h\"><\/i><\/div><\/div><\/div><div class=\"atheme-collage--image\" style=\"background-image:url( https:\/\/www.visitvarmland.com\/arjang\/wp-content\/uploads\/sites\/19\/2021\/07\/180829-web-9652.jpg )\"><div id=\"kfBsBRXbDRCRSNNV\" class=\"atheme-collage--infobox\"><p>Sj\u00f6n\u00e4ra cykling p\u00e5 stora delar av leden<\/p><\/div><div class=\"atheme-collage--action\"><div class=\"atheme-collage--action-btn\"><i class=\"fal fa-ellipsis-h\"><\/i><\/div><\/div><\/div><div class=\"atheme-collage--image\" style=\"background-image:url( https:\/\/www.visitvarmland.com\/arjang\/wp-content\/uploads\/sites\/19\/2021\/07\/180829-web-9985.jpg )\"><div id=\"VZmKaaEAkudoSCUe\" class=\"atheme-collage--infobox\"><p>350 km av omv\u00e4xlande cykling<\/p><\/div><div class=\"atheme-collage--action\"><div class=\"atheme-collage--action-btn\"><i class=\"fal fa-ellipsis-h\"><\/i><\/div><\/div><\/div><\/div><\/div>\n\n\n\n    <div class=\"cards-section-top\">\n                <h2>Tips l\u00e4ngs leden<\/h2>\n        <a class=\"a-button\" href=\"https:\/\/visitvarmland.com\/aktiviteter?municipalities=arjang\">Visa alla<\/a>\n    <\/div>\n    <section class=\"cards-section-wrapper\">\n        <div class=\"cards-section-slide\">\n            <!-- Card wrapper -->\n<article class=\"a-card a-card--turid\" link-finder     >\n                <div class=\"a-card__image a-card--turid__image\">\n                <div class=\"bg-img\" style=\"background-image:url(https:\/\/img.turid.visitvarmland.com\/legacy\/\u00c5rj\u00e4ng\/jennys-turistgarden.JPG?q=80&#038;fit=crop&#038;w=300&#038;h=210&#038;v=1&#038;);\"><\/div>\n            <\/div>\n                        <h2 class=\"a-card__title a-card--turid__title\"><a href=\"https:\/\/www.visitvarmland.com\/arjang\/boende\/bed-breakfast\/turistgarden-tocksfors\" data-no-translation>Turistg\u00e5rden, T\u00f6cksfors<\/a><\/h2>\n                        <div class=\"a-card__content a-card--turid__content\">Charmigt och genuint boende i natursk\u00f6n milj\u00f6.<\/div>\n                        <div class=\"a-card__bottom-wrapper a-card--turid__bottom-wrapper\" style=\"background-image:url();\">                            <div class=\"a-card__favorite a-card--turid__favorite\"><i class=\"fal fa-heart\"><\/i><\/div>\n                        <div class=\"a-card__tag a-card--turid__tag\"><!-- Button wrapper -->\n\n<a class=\"a-tag a-tag--small\" href=\"https:\/\/www.visitvarmland.com\/boende\/vandrarhem\" target=\"_self\">\n    <span class='a-card--divider'>Vandrarhem<\/span>\n    <\/a><\/div>\n                        <\/div>\n            <\/article><!-- Card wrapper -->\n<article class=\"a-card a-card--turid\" link-finder     >\n                <div class=\"a-card__image a-card--turid__image\">\n                <div class=\"bg-img\" style=\"background-image:url(https:\/\/img.turid.visitvarmland.com\/a2ae94da-43ff-4fa1-82eb-71fe75cc0795\/20200704-170925.jpg?q=80&#038;fit=crop&#038;w=300&#038;h=210&#038;v=1&#038;);\"><\/div>\n            <\/div>\n                        <h2 class=\"a-card__title a-card--turid__title\"><a href=\"https:\/\/www.visitvarmland.com\/arjang\/kultur-historia\/lennartsfors-slussar\" data-no-translation>Lennartsfors slussar<\/a><\/h2>\n                        <div class=\"a-card__content a-card--turid__content\">Lennartsfors slusstrappa \u00e4r den mest imponerande i Dalslands&hellip;<\/div>\n                        <div class=\"a-card__bottom-wrapper a-card--turid__bottom-wrapper\" style=\"background-image:url();\">                            <div class=\"a-card__favorite a-card--turid__favorite\"><i class=\"fal fa-heart\"><\/i><\/div>\n                        <div class=\"a-card__tag a-card--turid__tag\"><!-- Button wrapper -->\n\n<a class=\"a-tag a-tag--small\" href=\"https:\/\/www.visitvarmland.com\/kultur-historia\/hus-kulturmiljoer\/platser-37\" target=\"_self\">\n    <span class='a-card--divider'>Platser<\/span>\n    <\/a><\/div>\n                        <\/div>\n            <\/article><!-- Card wrapper -->\n<article class=\"a-card a-card--turid\" link-finder     >\n                <div class=\"a-card__image a-card--turid__image\">\n                <div class=\"bg-img\" style=\"background-image:url(https:\/\/img.turid.visitvarmland.com\/5dca374f-86e7-4aee-9958-c646b6f22c76\/2026-norrsken-halsduk-bla-gron-gittas-verkstad.jpg?q=80&#038;fit=crop&#038;w=300&#038;h=210&#038;v=1&#038;);\"><\/div>\n            <\/div>\n                        <h2 class=\"a-card__title a-card--turid__title\"><a href=\"https:\/\/www.visitvarmland.com\/arjang\/design-shopping\/hantverk\/gittas-verkstad\" data-no-translation>Gittas verkstad<\/a><\/h2>\n                        <div class=\"a-card__content a-card--turid__content\">Hantverk i unik design och teknik.<\/div>\n                        <div class=\"a-card__bottom-wrapper a-card--turid__bottom-wrapper\" style=\"background-image:url();\">                            <div class=\"a-card__favorite a-card--turid__favorite\"><i class=\"fal fa-heart\"><\/i><\/div>\n                        <div class=\"a-card__tag a-card--turid__tag\"><!-- Button wrapper -->\n\n<a class=\"a-tag a-tag--small\" href=\"https:\/\/www.visitvarmland.com\/design-shopping\/hantverk\" target=\"_self\">\n    <span class='a-card--divider'>Hantverk<\/span>\n    <\/a><\/div>\n                        <\/div>\n            <\/article><!-- Card wrapper -->\n<article class=\"a-card a-card--turid\" link-finder     >\n                <div class=\"a-card__image a-card--turid__image\">\n                <div class=\"bg-img\" style=\"background-image:url(https:\/\/img.turid.visitvarmland.com\/14056b0e-9451-4c2b-94de-1c893df59ef5\/-dsc0047.jpg?q=80&#038;fit=crop&#038;w=300&#038;h=210&#038;v=1&#038;);\"><\/div>\n            <\/div>\n                        <h2 class=\"a-card__title a-card--turid__title\"><a href=\"https:\/\/www.visitvarmland.com\/arjang\/design-shopping\/lundvie-keramik\" data-no-translation>Lundvie Keramik<\/a><\/h2>\n                        <div class=\"a-card__content a-card--turid__content\">Butik och verkstad mitt i Lennartsfors.<\/div>\n                        <div class=\"a-card__bottom-wrapper a-card--turid__bottom-wrapper\" style=\"background-image:url();\">                            <div class=\"a-card__favorite a-card--turid__favorite\"><i class=\"fal fa-heart\"><\/i><\/div>\n                        <div class=\"a-card__tag a-card--turid__tag\"><!-- Button wrapper -->\n\n<a class=\"a-tag a-tag--small\" href=\"https:\/\/www.visitvarmland.com\/design-shopping\/hantverk\" target=\"_self\">\n    <span class='a-card--divider'>Hantverk<\/span>\n    <\/a><\/div>\n                        <\/div>\n            <\/article><!-- Card wrapper -->\n<article class=\"a-card a-card--turid\" link-finder     >\n                <div class=\"a-card__image a-card--turid__image\">\n                <div class=\"bg-img\" style=\"background-image:url(https:\/\/img.turid.visitvarmland.com\/ca1d7757-84ed-466f-a901-277d88ff09e6\/20220627-142027.jpg?q=80&#038;fit=crop&#038;w=300&#038;h=210&#038;v=1&#038;);\"><\/div>\n            <\/div>\n                        <h2 class=\"a-card__title a-card--turid__title\"><a href=\"https:\/\/www.visitvarmland.com\/arjang\/boende\/vandrarhem\/bergstugan-cafe-och-boende-lennartsfors\" data-no-translation>Bergstugan Caf\u00e9 och Boende, Lennartsfors<\/a><\/h2>\n                        <div class=\"a-card__content a-card--turid__content\">Charmigt boende och restaurang i det anrika gamla&hellip;<\/div>\n                        <div class=\"a-card__bottom-wrapper a-card--turid__bottom-wrapper\" style=\"background-image:url();\">                            <div class=\"a-card__favorite a-card--turid__favorite\"><i class=\"fal fa-heart\"><\/i><\/div>\n                        <div class=\"a-card__tag a-card--turid__tag\"><!-- Button wrapper -->\n\n<a class=\"a-tag a-tag--small\" href=\"https:\/\/www.visitvarmland.com\/boende\/vandrarhem\" target=\"_self\">\n    <span class='a-card--divider'>Vandrarhem<\/span>\n    <\/a><\/div>\n                        <\/div>\n            <\/article><!-- Card wrapper -->\n<article class=\"a-card a-card--turid\" link-finder     >\n                <div class=\"a-card__image a-card--turid__image\">\n                <div class=\"bg-img\" style=\"background-image:url(https:\/\/img.turid.visitvarmland.com\/legacy\/\u00c5rj\u00e4ng\/Cafe_str\u00f6msborg.jpeg?q=80&#038;fit=crop&#038;w=300&#038;h=210&#038;v=1&#038;);\"><\/div>\n            <\/div>\n                        <h2 class=\"a-card__title a-card--turid__title\"><a href=\"https:\/\/www.visitvarmland.com\/arjang\/mat-dryck\/lunch\/platser-81\/cafe-stromsborg-i-lennartsfors\" data-no-translation>Caf\u00e9 Str\u00f6msborg i Lennartsfors<\/a><\/h2>\n                        <div class=\"a-card__content a-card--turid__content\">V\u00e4lkommen till Caf\u00e9 Str\u00f6msborg i Lennartsfors. Njut av&hellip;<\/div>\n                        <div class=\"a-card__bottom-wrapper a-card--turid__bottom-wrapper\" style=\"background-image:url();\">                            <div class=\"a-card__favorite a-card--turid__favorite\"><i class=\"fal fa-heart\"><\/i><\/div>\n                        <div class=\"a-card__tag a-card--turid__tag\"><!-- Button wrapper -->\n\n<a class=\"a-tag a-tag--small\" href=\"https:\/\/www.visitvarmland.com\/mat-dryck\/restaurang\" target=\"_self\">\n    <span class='a-card--divider'>Restaurang<\/span>\n    <\/a><\/div>\n                        <\/div>\n            <\/article><!-- Card wrapper -->\n<article class=\"a-card a-card--turid\" link-finder     >\n                <div class=\"a-card__image a-card--turid__image\">\n                <div class=\"bg-img\" style=\"background-image:url(https:\/\/img.turid.visitvarmland.com\/ab598be5-3f32-4aac-ab04-33bb402794ec\/148.jpg?q=80&#038;fit=crop&#038;w=300&#038;h=210&#038;v=1&#038;);\"><\/div>\n            <\/div>\n                        <h2 class=\"a-card__title a-card--turid__title\"><a href=\"https:\/\/www.visitvarmland.com\/arjang\/mat-dryck\/restaurang\/platser-96\/waterside-restaurant-i-tocksfors\" data-no-translation>Waterside Restaurant i T\u00f6cksfors<\/a><\/h2>\n                        <div class=\"a-card__content a-card--turid__content\">En p\u00e4rla med uts\u00f6kt mat och service, vackert&hellip;<\/div>\n                        <div class=\"a-card__bottom-wrapper a-card--turid__bottom-wrapper\" style=\"background-image:url();\">                            <div class=\"a-card__favorite a-card--turid__favorite\"><i class=\"fal fa-heart\"><\/i><\/div>\n                        <div class=\"a-card__tag a-card--turid__tag\"><!-- Button wrapper -->\n\n<a class=\"a-tag a-tag--small\" href=\"https:\/\/www.visitvarmland.com\/mat-dryck\/restaurang\/platser-96\" target=\"_self\">\n    <span class='a-card--divider'>Platser<\/span>\n    <\/a><\/div>\n                        <\/div>\n            <\/article>        <\/div>\n        <button class=\"hero-scroll-icon section-scroll-side\" aria-label=\"Next\" aria-hidden=\"true\" tabindex=\"-1\">\n            <div class=\"pre-icon-dot\"><\/div>\n            <div class=\"pre-icon-dot\"><\/div>\n            <i class=\"fal fa-long-arrow-down\" aria-hidden=\"true\"><\/i>\n        <\/button>\n        <button class=\"hero-scroll-icon section-scroll-side-left section-scroll-side-left-hidden\" aria-label=\"Previous\" aria-hidden=\"true\" tabindex=\"-1\">\n            <div class=\"pre-icon-dot\"><\/div>\n            <div class=\"pre-icon-dot\"><\/div>\n            <i class=\"fal fa-long-arrow-down\" aria-hidden=\"true\"><\/i>\n        <\/button>\n    <\/section>\n\n\n","protected":false},"author":3,"featured_media":0,"parent":0,"menu_order":0,"template":"","class_list":["post-291","articles","type-articles","status-publish","hentry"],"acf":[],"lang":"sv","translations":{"sv":291,"en":1951},"pll_sync_post":[],"_links":{"self":[{"href":"https:\/\/www.visitvarmland.com\/arjang\/wp-json\/wp\/v2\/articles\/291","targetHints":{"allow":["GET"]}}],"collection":[{"href":"https:\/\/www.visitvarmland.com\/arjang\/wp-json\/wp\/v2\/articles"}],"about":[{"href":"https:\/\/www.visitvarmland.com\/arjang\/wp-json\/wp\/v2\/types\/articles"}],"author":[{"embeddable":true,"href":"https:\/\/www.visitvarmland.com\/arjang\/wp-json\/wp\/v2\/users\/3"}],"wp:attachment":[{"href":"https:\/\/www.visitvarmland.com\/arjang\/wp-json\/wp\/v2\/media?parent=291"}],"curies":[{"name":"wp","href":"https:\/\/api.w.org\/{rel}","templated":true}]}}