{"id":4197,"date":"2023-06-14T12:01:02","date_gmt":"2023-06-14T10:01:02","guid":{"rendered":"https:\/\/www.visitvarmland.com\/arvika\/?post_type=articles&#038;p=4197"},"modified":"2023-06-14T12:01:03","modified_gmt":"2023-06-14T10:01:03","slug":"grattis-gammelvala","status":"publish","type":"articles","link":"https:\/\/www.visitvarmland.com\/arvika\/tips-och-guider\/grattis-gammelvala\/","title":{"rendered":"Grattis Gammelvala!"},"content":{"rendered":"\n<h2 class=\"wp-block-heading\">Historien bakom Gammelvala<\/h2>\n\n\n\n<p>1963 var \u00e5ret d\u00e5 Gammelvala arrangerades f\u00f6r f\u00f6rsta g\u00e5ngen. Styrelsen f\u00f6r Brunskogs hembygdsf\u00f6rening och n\u00e5gra av de \u00e4ldre i socknen hade en brastr\u00e4ff i Dr\u00e4ngstugan och d\u00e4r f\u00f6ddes id\u00e9n att \u00e5teruppliva en del av de gamla arbeten som f\u00f6rekom p\u00e5 bondg\u00e5rdarna n\u00e4r sj\u00e4lvhush\u00e5llning var vanligt, men \u00e4ven visa upp andra yrken som var p\u00e5 v\u00e4g att f\u00f6rsvinna. Det var ocks\u00e5 ett f\u00f6rs\u00f6k att visa p\u00e5 n\u00e5gra av de v\u00e4rden och gl\u00e4dje\u00e4mnen som fanns i forna dagar.<\/p>\n\n\n\n<figure class=\"wp-block-image size-large\"><img loading=\"lazy\" decoding=\"async\" width=\"1024\" height=\"743\" src=\"https:\/\/www.visitvarmland.com\/arvika\/wp-content\/uploads\/sites\/2\/2023\/06\/Gammelvala_storstugan_Strand-1024x743.jpg\" alt=\"\"  class=\"wp-image-8184\" srcset=\"https:\/\/www.visitvarmland.com\/app\/uploads\/sites\/2\/2023\/06\/Gammelvala_storstugan_Strand-1024x743.jpg 1024w, https:\/\/www.visitvarmland.com\/app\/uploads\/sites\/2\/2023\/06\/Gammelvala_storstugan_Strand-300x218.jpg 300w, https:\/\/www.visitvarmland.com\/app\/uploads\/sites\/2\/2023\/06\/Gammelvala_storstugan_Strand-768x557.jpg 768w, https:\/\/www.visitvarmland.com\/app\/uploads\/sites\/2\/2023\/06\/Gammelvala_storstugan_Strand-18x12.jpg 18w, https:\/\/www.visitvarmland.com\/app\/uploads\/sites\/2\/2023\/06\/Gammelvala_storstugan_Strand-150x109.jpg 150w, https:\/\/www.visitvarmland.com\/app\/uploads\/sites\/2\/2023\/06\/Gammelvala_storstugan_Strand-600x435.jpg 600w, https:\/\/www.visitvarmland.com\/app\/uploads\/sites\/2\/2023\/06\/Gammelvala_storstugan_Strand.jpg 1314w\" sizes=\"auto, (max-width: 1024px) 100vw, 1024px\" \/><\/figure>\n\n\n\n<p>F\u00f6rsta \u00e5ret n\u00f6jde man sig med ett veckoslutsarrangemang med Fr\u00f6dingspelet och ett Gammelvala i miniatyr. 1500 personer s\u00e5g Fr\u00f6dingspelet och cirka 500 personer bes\u00f6kte Gammelvala. En riktig succ\u00e9 tyckte arrang\u00f6rerna och b\u00f6rjade diskutera om man skulle kunna anordna ett veckol\u00e5ngt arrangemang. Man beslutade att detta var genomf\u00f6rbart och kallade det fr\u00e5n b\u00f6rjan f\u00f6r \u201cBrunskogsveckan\u201d. F\u00f6rsta \u00e5ret kom ungef\u00e4r 8 000 bes\u00f6kare, \u00e5ret efter 16 000 och sedan har evenemanget \u00f6kat i popularitet \u00e5r f\u00f6r \u00e5r.\u00a0<\/p>\n\n\n\n<p>Ute i \u00f6vriga landet var det m\u00e5nga som tog efter id\u00e9n och eftersom m\u00e5nga av dem hette n\u00e5got med \u201cveckan\u201d d\u00f6ptes Brunskogsveckan om till Gammelvala. Idag har Gammelvala cirka 35 000 bes\u00f6kare.<\/p>\n\n\n\n<div class=\"wp-block-atheme-component-collage-2 atheme-collage\"><div class=\"atheme-collage--double\"><div class=\"atheme-collage--image\" style=\"background-image:url( https:\/\/www.visitvarmland.com\/arvika\/wp-content\/uploads\/sites\/2\/2023\/06\/gammelvalaveteran-scaled-e1686226353486.jpg )\"><div id=\"gQPzrRmMUCMhNriX\" class=\"atheme-collage--infobox\"><p>Veteranbilar \u00e4r ett st\u00e5ende inslag under Gammelvala<\/p><\/div><div class=\"atheme-collage--action\"><div class=\"atheme-collage--action-btn\"><i class=\"fal fa-ellipsis-h\"><\/i><\/div><\/div><\/div><div class=\"atheme-collage--image\" style=\"background-image:url( https:\/\/www.visitvarmland.com\/arvika\/wp-content\/uploads\/sites\/2\/2023\/06\/foto_j-p_hjort_webb.jpg )\"><div id=\"HbqEUkzVJYkkvgNN\" class=\"atheme-collage--infobox\"><p>Sk\u00f6n musik h\u00f6rs \u00f6ver sj\u00f6n fr\u00e5n Kyrkb\u00e5ten<\/p><\/div><div class=\"atheme-collage--action\"><div class=\"atheme-collage--action-btn\"><i class=\"fal fa-ellipsis-h\"><\/i><\/div><\/div><\/div><\/div><\/div>\n\n\n\n<h2 class=\"wp-block-heading\">En unik upplevelse<\/h2>\n\n\n\n<p>I en sagolik vacker milj\u00f6 med bj\u00f6rkdungar som visar v\u00e4gen fr\u00e5n byn ner till sj\u00f6n finns massor av sp\u00e4nnande och intressanta saker, f\u00f6r s\u00e5v\u00e4l ung som gammal. H\u00e4r kan du pr\u00f6va p\u00e5 v\u00e4rml\u00e4ndska matspecialiteter som kleng\u00e5s eller n\u00e4vgr\u00f6t med fl\u00e4sk och fr\u00e5n friluftsscenen visas bygdespel, dr\u00e4ktparader och musikupptr\u00e4danden av b\u00e5de lokala och k\u00e4nda artister. Du f\u00e5r se hantverkstekniker och traditioner som fanns f\u00f6rr, till exempel hur man kardar och spinner ull, stickar och syr kl\u00e4der. Andra saker du kan uppleva \u00e4r bland annat tunnbr\u00f6dsbakning, linberedning, v\u00e4xtf\u00e4rgning av garn och hur man k\u00e4rnar sm\u00f6r, hur man sk\u00f6ter en kolmila, br\u00e4nner tj\u00e4ra och sl\u00e5r rep. Utefter maskingatan hittar du gamla t\u00e4ndkulemotorer som driver olika maskiner.<\/p>\n\n\n\n<div class=\"wp-block-atheme-component-collage-2 atheme-collage\"><div class=\"atheme-collage--double\"><div class=\"atheme-collage--image\" style=\"background-image:url( https:\/\/www.visitvarmland.com\/arvika\/wp-content\/uploads\/sites\/2\/2023\/06\/Gammelvala_linberedning.jpg )\"><div id=\"FnRpNBnhRIsAiAck\" class=\"atheme-collage--infobox\"><p>Linberedning som man gjorde f\u00f6rr<\/p><\/div><div class=\"atheme-collage--action\"><div class=\"atheme-collage--action-btn\"><i class=\"fal fa-ellipsis-h\"><\/i><\/div><\/div><\/div><div class=\"atheme-collage--image\" style=\"background-image:url( https:\/\/www.visitvarmland.com\/arvika\/wp-content\/uploads\/sites\/2\/2023\/06\/IMG_5625-1-scaled.jpg )\"><div id=\"uDZuHtDKmpTOecGh\" class=\"atheme-collage--infobox\"><p>Gammelvala ger en k\u00e4nsla av att befinna sig i d\u00e5tid<\/p><\/div><div class=\"atheme-collage--action\"><div class=\"atheme-collage--action-btn\"><i class=\"fal fa-ellipsis-h\"><\/i><\/div><\/div><\/div><\/div><\/div>\n\n\n\n<p>Varje dag under Gammelvalaveckan har ett speciellt tema och i slutet av veckan arrangeras en stor veteranfordonstr\u00e4ff.<br>Under hela veckan \u00e4r det fritt fram f\u00f6r barnens skapargl\u00e4dje. Verktyg och material finns tillg\u00e4ngliga.<\/p>\n\n\n\n<p>Gammelvala och hembygdsg\u00e5rden har haft en enorm utveckling under \u00e5ren. Idag finns ett 30-tal byggnader p\u00e5 omr\u00e5det, de \u00e4ldsta fr\u00e5n 1700-talet. En del av husen \u00e4r hitflyttade fr\u00e5n olika platser i Brunskog och Mangskog socken, andra \u00e4r byggda p\u00e5 plats i gammal stil.&nbsp;<\/p>\n\n\n\n<p>Under Gammelvalaveckan arbetar 600 personer id\u00e8ellt mot ers\u00e4ttning i form av mat och kaffe. Det \u00e4r inte bara Brunskogsbor som \u00e4r med, utan \u00e4ven folk fr\u00e5n socknarna runt omkring och Brunskogsbor i f\u00f6rskingringen som kommer hem f\u00f6r att hj\u00e4lpa till och ge bes\u00f6karna en historisk upplevelse ut\u00f6ver det vanliga.<\/p>\n\n\n\n<h2 class=\"wp-block-heading\">S\u00e5 h\u00e4r firas Gammelvalas jubileum<\/h2>\n\n\n\n<p>Gammelvalas 60-\u00e5rsjubileum firas med en utst\u00e4llning i konsthallen p\u00e5 omr\u00e5det. D\u00e4r skildras Gammelvalas historia genom bland annat bilder och foton, affischer, program, filmvisning och hantverk. <br>H\u00e4r kommer det ocks\u00e5 finnas en g\u00e4stbok d\u00e4r man som bes\u00f6kare kan dela sin upplevelse f\u00f6r dagen eller fr\u00e5n tidigare \u00e5r.<\/p>\n\n\n\n<p>P\u00e5 Brunskogs Hembygdsg\u00e5rd spelas tv\u00e5 nya f\u00f6rest\u00e4llningar f\u00f6rutom det klassiska Fr\u00f6dingspelet. Ett spel med V\u00e4stan\u00e5 Teater som ber\u00e4ttar v\u00e4rml\u00e4ndska skr\u00f6nor samt spelet \u201cKl\u00e4dklypefabriken\u201d.<\/p>\n\n\n\n<p>Varje dag under Gammelvalaveckan intervjuas hantverkarna p\u00e5 omr\u00e5det och h\u00e4r nedan visas de speciella \u00e4mnen som lyfts lite extra;<\/p>\n\n\n\n<ul class=\"wp-block-list\"><li>L\u00f6rdag 22\/7 &#8211; Karakt\u00e4rerna i Fr\u00f6dingsspelet<\/li><li>S\u00f6ndag 23\/7 &#8211;&nbsp; Hantverkarna p\u00e5 logen<\/li><li>M\u00e5ndag 24\/7 &#8211;&nbsp; Spontanlek runt om p\u00e5 omr\u00e5det med \u201dgammeldags lekar\u201d<\/li><li>Tisdag 25\/7 &#8211;&nbsp; Spinna ull och bereda lin<\/li><li>Onsdag 26\/7 &#8211;&nbsp; Intervjuer med veteranbils\u00e4gare<\/li><li>Torsdag 27\/7 &#8211;&nbsp; Tj\u00e4rbr\u00e4nning<\/li><\/ul>\n","protected":false},"author":20,"featured_media":0,"parent":0,"menu_order":0,"template":"","class_list":["post-4197","articles","type-articles","status-publish","hentry"],"acf":[],"lang":"sv","translations":{"sv":4197},"pll_sync_post":[],"_links":{"self":[{"href":"https:\/\/www.visitvarmland.com\/arvika\/wp-json\/wp\/v2\/articles\/4197","targetHints":{"allow":["GET"]}}],"collection":[{"href":"https:\/\/www.visitvarmland.com\/arvika\/wp-json\/wp\/v2\/articles"}],"about":[{"href":"https:\/\/www.visitvarmland.com\/arvika\/wp-json\/wp\/v2\/types\/articles"}],"author":[{"embeddable":true,"href":"https:\/\/www.visitvarmland.com\/arvika\/wp-json\/wp\/v2\/users\/20"}],"wp:attachment":[{"href":"https:\/\/www.visitvarmland.com\/arvika\/wp-json\/wp\/v2\/media?parent=4197"}],"curies":[{"name":"wp","href":"https:\/\/api.w.org\/{rel}","templated":true}]}}