{"id":689,"date":"2021-07-29T10:22:19","date_gmt":"2021-07-29T08:22:19","guid":{"rendered":"https:\/\/www.visitvarmland.com\/arvika\/?post_type=articles&#038;p=689"},"modified":"2024-07-24T13:35:28","modified_gmt":"2024-07-24T11:35:28","slug":"sveriges-innersta-hamn","status":"publish","type":"articles","link":"https:\/\/www.visitvarmland.com\/arvika\/tips-och-guider\/sveriges-innersta-hamn\/","title":{"rendered":"Sveriges innersta hamn"},"content":{"rendered":"\n<h3 class=\"wp-block-heading\">Sm\u00e5b\u00e5tshamn och g\u00e4sthamn<\/h3>\n\n\n\n<p>Vid Solbergsholmen n\u00e4ra centrum i staden ligger&nbsp;Arvikas Sm\u00e5b\u00e5tshamn&nbsp;f\u00f6r segel- och motorb\u00e5tar. Sm\u00e5b\u00e5tshamnen ligger strax v\u00e4ster om Arvika hamn och har en sommar\u00f6ppen g\u00e4sthamn med 14 g\u00e4stplatser. H\u00e4r finns bland annat toaletter, duschar, tv\u00e4ttmaskin, torktumlare, milj\u00f6station, f\u00e4rskvatten och en obemannad bensinstation med bensin och diesel.<br>F\u00f6r mer information om \u00f6ppettider och service, bes\u00f6k Arvika Sm\u00e5b\u00e5tshamns hemsida.<\/p>\n\n\n\n<div class=\"wp-block-atheme-component-facts atheme-wrapper\"><div class=\"atheme-facts\"><h3>Kontakt Arvika Sm\u00e5b\u00e5tshamn<\/h3><p>Hemsida: <a href=\"https:\/\/www.arvikahamnen.se\/\" target=\"_blank\" rel=\"noopener\">Arvika Sm\u00e5b\u00e5tshamnar AB<\/a>&nbsp;<br>Telefonnummer: 070-969 07 85<br>E-mail: <a href=\"mailto:arvikahamnen@gmail.com\">arvikahamnen@gmail.com<\/a><\/p><\/div><\/div>\n\n\n\n<div class=\"wp-block-atheme-component-collage-3 atheme-collage\"><div class=\"atheme-collage--triple\"><div class=\"atheme-collage--image\" style=\"background-image:url( https:\/\/www.visitvarmland.com\/arvika\/wp-content\/uploads\/sites\/2\/2021\/06\/hamn2.png )\"><div id=\"hsKdVZIszpvSOqtX\" class=\"atheme-collage--infobox\"><p>Att ha b\u00e5t \u00e4r popul\u00e4rt i Arvika.<\/p><\/div><div class=\"atheme-collage--action\"><div class=\"atheme-collage--action-btn\" onclick=\"aToggleInfoBox('hsKdVZIszpvSOqtX')\"><i class=\"fal fa-ellipsis-h\"><\/i><\/div><\/div><\/div><div class=\"atheme-collage--image\" style=\"background-image:url( https:\/\/www.visitvarmland.com\/arvika\/wp-content\/uploads\/sites\/2\/2021\/06\/hamn.png )\"><div id=\"MpdyvZPBKHlhcvfB\" class=\"atheme-collage--infobox\"><p>L\u00e4gg till i g\u00e4sthamnen vid ditt bes\u00f6k i Arvika.<\/p><\/div><div class=\"atheme-collage--action\"><div class=\"atheme-collage--action-btn\" onclick=\"aToggleInfoBox('MpdyvZPBKHlhcvfB')\"><i class=\"fal fa-ellipsis-h\"><\/i><\/div><\/div><\/div><div class=\"atheme-collage--image\" style=\"background-image:url( https:\/\/www.visitvarmland.com\/arvika\/wp-content\/uploads\/sites\/2\/2021\/06\/hamn3.png )\"><div id=\"XDxlibncZtxIFIyF\" class=\"atheme-collage--infobox\"><p>I Arvika Hamn hittar du Olssons Brygga och BArBORD.<\/p><\/div><div class=\"atheme-collage--action\"><div class=\"atheme-collage--action-btn\" onclick=\"aToggleInfoBox('XDxlibncZtxIFIyF')\"><i class=\"fal fa-ellipsis-h\"><\/i><\/div><\/div><\/div><\/div><\/div>\n\n\n\n<h3 class=\"wp-block-heading\">Vikingaleden<\/h3>\n\n\n\n<p>F\u00f6r att n\u00e5 havet fr\u00e5n Arvika beh\u00f6ver du ta dig genom den s k &#8221;Vikingaleden&#8221;, vattenleden mellan Arvika och S\u00e4ffle. Farleden f\u00f6ljer By\u00e4lven och passerar bland annat slussen i S\u00e4ffle, sj\u00f6arna Harefjorden, Bj\u00f6rn\u00f6fjorden och Glafsfjorden samt diverse broar &#8211; en str\u00e4cka p\u00e5 80 km eller 43,2 NM. Vikingaleden n\u00e5r \u00e4nda upp till Sulvik i Glafsfjordens norra \u00e4nde och h\u00e4r finns m\u00f6jlighet till b\u00e5tlyft f\u00f6r att n\u00e5 ytterligare sj\u00f6system. Information om bro\u00f6ppning och slussen finner du <a href=\"https:\/\/www.sjofartsverket.se\/sv\/tjanster\/kanaler-slussar-broar\/saffle-kanal2\/\" target=\"_blank\" rel=\"noopener\">h\u00e4r<\/a>.<\/p>\n\n\n\n<div class=\"wp-block-atheme-component-facts atheme-wrapper\"><div class=\"atheme-facts\"><h3>Mer information<\/h3><p>Bes\u00f6k <a href=\"https:\/\/www.sjofartsverket.se\/sv\/\" target=\"_blank\" rel=\"noopener\">Sj\u00f6fartsverket<\/a>s hemsida, V\u00e4nerns Sj\u00f6trafikomr\u00e5de, eller sj\u00f6kort Nr 134 och Svensk Lots del 1.<\/p><\/div><\/div>\n\n\n\n<div class=\"wp-block-atheme-component-facts atheme-wrapper\"><div class=\"atheme-facts\"><h3>B\u00e5tuthyrning<\/h3><p>Vill du uppt\u00e4cka Kyrkviken och Glafsfjorden p\u00e5 egen hand s\u00e5 finns det b\u00e5tar att hyra p\u00e5 <a href=\"https:\/\/www.ingestrandscamping.se\/\" target=\"_blank\" rel=\"noopener\">Ingestrands Camping<\/a>. Vill du testa en millj\u00f6v\u00e4nlig b\u00e5t med solcellsbatteri s\u00e5 kan du ta en utflykt med en b\u00e5t fr\u00e5n <a href=\"https:\/\/www.bowter.com\/\" target=\"_blank\" rel=\"noopener\">Bowter<\/a> som bokas online. <\/p><\/div><\/div>\n\n\n\n    <div class=\"cards-section-top\">\n                <h2>B\u00e5tuthyrning<\/h2>\n        <a class=\"a-button\" href=\"https:\/\/visitvarmland.com\/arvika\/\">Tillbaka till startsidan Visit Arvika<\/a>\n    <\/div>\n    <section class=\"cards-section-wrapper\">\n        <div class=\"cards-section-slide\">\n            <!-- Card wrapper -->\n<article class=\"a-card a-card--turid\" link-finder     >\n                <div class=\"a-card__image a-card--turid__image\">\n                <div class=\"bg-img\" style=\"background-image:url(https:\/\/img.turid.visitvarmland.com\/17643176-bb1b-4dbc-8638-83afdc04a927\/bat-ingestrand-vivi-23.jpg?q=80&#038;fit=crop&#038;w=300&#038;h=210&#038;v=1&#038;);\"><\/div>\n            <\/div>\n                        <h2 class=\"a-card__title a-card--turid__title\"><a href=\"https:\/\/www.visitvarmland.com\/arvika\/aktiviteter\/batuthyrning-ingestrands-camping\" data-no-translation>B\u00e5tuthyrning, Ingestrands Camping<\/a><\/h2>\n                        <div class=\"a-card__content a-card--turid__content\">P\u00e5 Ingestrands Camping i Arvika kan du hyra&hellip;<\/div>\n                        <div class=\"a-card__bottom-wrapper a-card--turid__bottom-wrapper\" style=\"background-image:url();\">                            <div class=\"a-card__favorite a-card--turid__favorite\"><i class=\"fal fa-heart\"><\/i><\/div>\n                        <div class=\"a-card__tag a-card--turid__tag\"><!-- Button wrapper -->\n\n<a class=\"a-tag a-tag--small\" href=\"https:\/\/www.visitvarmland.com\/aktiviteter\/pa-vatten\" target=\"_self\">\n    <span class='a-card--divider'>P\u00e5 vatten<\/span>\n    <\/a><\/div>\n                        <\/div>\n            <\/article><!-- Card wrapper -->\n<article class=\"a-card a-card--turid\" link-finder     >\n                <div class=\"a-card__image a-card--turid__image\">\n                <div class=\"bg-img\" style=\"background-image:url(https:\/\/img.turid.visitvarmland.com\/493ff2e9-31a7-4472-89b0-063808c746fc\/thumbnail-skarmavbild-2021-01-29-kl-092831.png?q=80&#038;fit=crop&#038;w=300&#038;h=210&#038;v=1&#038;);\"><\/div>\n            <\/div>\n                        <h2 class=\"a-card__title a-card--turid__title\"><a href=\"https:\/\/www.visitvarmland.com\/arvika\/aktiviteter\/bowter-batuthyrning\" data-no-translation>Bowter &#8211; b\u00e5tuthyrning<\/a><\/h2>\n                        <div class=\"a-card__content a-card--turid__content\">Ta en b\u00e5ttur med Bowters milj\u00f6v\u00e4nliga solcells-b\u00e5tar i&hellip;<\/div>\n                        <div class=\"a-card__bottom-wrapper a-card--turid__bottom-wrapper\" style=\"background-image:url();\">                            <div class=\"a-card__favorite a-card--turid__favorite\"><i class=\"fal fa-heart\"><\/i><\/div>\n                        <div class=\"a-card__tag a-card--turid__tag\"><!-- Button wrapper -->\n\n<a class=\"a-tag a-tag--small\" href=\"https:\/\/www.visitvarmland.com\/aktiviteter\/pa-vatten\" target=\"_self\">\n    <span class='a-card--divider'>P\u00e5 vatten<\/span>\n    <\/a><\/div>\n                        <\/div>\n            <\/article>        <\/div>\n        <button class=\"hero-scroll-icon section-scroll-side\" aria-label=\"Next\" aria-hidden=\"true\" tabindex=\"-1\">\n            <div class=\"pre-icon-dot\"><\/div>\n            <div class=\"pre-icon-dot\"><\/div>\n            <i class=\"fal fa-long-arrow-down\" aria-hidden=\"true\"><\/i>\n        <\/button>\n        <button class=\"hero-scroll-icon section-scroll-side-left section-scroll-side-left-hidden\" aria-label=\"Previous\" aria-hidden=\"true\" tabindex=\"-1\">\n            <div class=\"pre-icon-dot\"><\/div>\n            <div class=\"pre-icon-dot\"><\/div>\n            <i class=\"fal fa-long-arrow-down\" aria-hidden=\"true\"><\/i>\n        <\/button>\n    <\/section>\n\n\n\n\n\n<h3 class=\"wp-block-heading\">Restauranger<\/h3>\n\n\n\n<p>I hamnen hittar du tv\u00e5 sommar\u00f6ppna restauranger &#8211; <a href=\"https:\/\/www.visitvarmland.com\/mat-dryck\/restaurang\/olssons-brygga\">Olssons Brygga<\/a> och <a href=\"https:\/\/www.visitvarmland.com\/mat-dryck\/restaurang\/barbord\">BArBORD<\/a>. P\u00e5 Olssons Brygga h\u00e5lls flera livekonserter under sommaren, och omr\u00e5det byter form till nattklubb under den sena kv\u00e4llen. Varje augusti h\u00e5lls h\u00e4r Arvika Hamnfest som \u00e5rligen lockar \u00f6ver 20 000 musik\u00e4lskare. <\/p>\n\n\n\n    <div class=\"cards-section-top\">\n                <h2>Uppt\u00e4ck mer<\/h2>\n        <a class=\"a-button\" href=\"https:\/\/visitvarmland.com\/arvika\/\">Tillbaka till startsida Visit Arvika<\/a>\n    <\/div>\n    <section class=\"cards-section-wrapper\">\n        <div class=\"cards-section-slide\">\n            <!-- Card wrapper -->\n<article class=\"a-card a-card--turid\" link-finder     >\n                <div class=\"a-card__image a-card--turid__image\">\n                <div class=\"bg-img\" style=\"background-image:url(https:\/\/img.turid.visitvarmland.com\/legacy\/Arvika\/Olssonsbryggaterass.jpeg?q=80&#038;fit=crop&#038;w=300&#038;h=210&#038;v=1&#038;);\"><\/div>\n            <\/div>\n                        <h2 class=\"a-card__title a-card--turid__title\"><a href=\"https:\/\/www.visitvarmland.com\/arvika\/mat-dryck\/lunch\/platser-81\/olssons-brygga\" data-no-translation>Olssons Brygga<\/a><\/h2>\n                        <div class=\"a-card__content a-card--turid__content\">Njut av god mat och dryck med fin&hellip;<\/div>\n                        <div class=\"a-card__bottom-wrapper a-card--turid__bottom-wrapper\" style=\"background-image:url();\">                            <div class=\"a-card__favorite a-card--turid__favorite\"><i class=\"fal fa-heart\"><\/i><\/div>\n                        <div class=\"a-card__tag a-card--turid__tag\"><!-- Button wrapper -->\n\n<a class=\"a-tag a-tag--small\" href=\"https:\/\/www.visitvarmland.com\/mat-dryck\/restaurang\/underhallning-98\" target=\"_self\">\n    <span class='a-card--divider'>Underh\u00e5llning<\/span>\n    <\/a><\/div>\n                        <\/div>\n            <\/article><!-- Card wrapper -->\n<article class=\"a-card a-card--turid\" link-finder     >\n                <div class=\"a-card__image a-card--turid__image\">\n                <div class=\"bg-img\" style=\"background-image:url(https:\/\/img.turid.visitvarmland.com\/legacy\/Arvika\/B\u00e5thamn.jpeg?q=80&#038;fit=crop&#038;w=300&#038;h=210&#038;v=1&#038;);\"><\/div>\n            <\/div>\n                        <h2 class=\"a-card__title a-card--turid__title\"><a href=\"https:\/\/www.visitvarmland.com\/arvika\/boende\/stallplatser\/stallplatser-for-husbilar-i-arvika-smabatshamn\" data-no-translation>St\u00e4llplatser f\u00f6r husbilar i Arvika Sm\u00e5b\u00e5tshamn<\/a><\/h2>\n                        <div class=\"a-card__content a-card--turid__content\">I Arvikas sm\u00e5b\u00e5ts- och g\u00e4sthamn finns fina husbilsplatser,&hellip;<\/div>\n                        <div class=\"a-card__bottom-wrapper a-card--turid__bottom-wrapper\" style=\"background-image:url();\">                            <div class=\"a-card__favorite a-card--turid__favorite\"><i class=\"fal fa-heart\"><\/i><\/div>\n                        <div class=\"a-card__tag a-card--turid__tag\"><!-- Button wrapper -->\n\n<a class=\"a-tag a-tag--small\" href=\"https:\/\/www.visitvarmland.com\/boende\/stallplatser\" target=\"_self\">\n    <span class='a-card--divider'>St\u00e4llplatser<\/span>\n    <\/a><\/div>\n                        <\/div>\n            <\/article>        <\/div>\n        <button class=\"hero-scroll-icon section-scroll-side\" aria-label=\"Next\" aria-hidden=\"true\" tabindex=\"-1\">\n            <div class=\"pre-icon-dot\"><\/div>\n            <div class=\"pre-icon-dot\"><\/div>\n            <i class=\"fal fa-long-arrow-down\" aria-hidden=\"true\"><\/i>\n        <\/button>\n        <button class=\"hero-scroll-icon section-scroll-side-left section-scroll-side-left-hidden\" aria-label=\"Previous\" aria-hidden=\"true\" tabindex=\"-1\">\n            <div class=\"pre-icon-dot\"><\/div>\n            <div class=\"pre-icon-dot\"><\/div>\n            <i class=\"fal fa-long-arrow-down\" aria-hidden=\"true\"><\/i>\n        <\/button>\n    <\/section>\n\n\n","protected":false},"author":20,"featured_media":0,"parent":0,"menu_order":0,"template":"","class_list":["post-689","articles","type-articles","status-publish","hentry"],"acf":[],"lang":"sv","translations":{"sv":689,"en":8056},"pll_sync_post":[],"_links":{"self":[{"href":"https:\/\/www.visitvarmland.com\/arvika\/wp-json\/wp\/v2\/articles\/689","targetHints":{"allow":["GET"]}}],"collection":[{"href":"https:\/\/www.visitvarmland.com\/arvika\/wp-json\/wp\/v2\/articles"}],"about":[{"href":"https:\/\/www.visitvarmland.com\/arvika\/wp-json\/wp\/v2\/types\/articles"}],"author":[{"embeddable":true,"href":"https:\/\/www.visitvarmland.com\/arvika\/wp-json\/wp\/v2\/users\/20"}],"wp:attachment":[{"href":"https:\/\/www.visitvarmland.com\/arvika\/wp-json\/wp\/v2\/media?parent=689"}],"curies":[{"name":"wp","href":"https:\/\/api.w.org\/{rel}","templated":true}]}}