{"id":6467,"date":"2025-08-14T15:36:21","date_gmt":"2025-08-14T13:36:21","guid":{"rendered":"https:\/\/www.visitvarmland.com\/corporate\/?post_type=articles&#038;p=6467"},"modified":"2025-08-14T15:36:22","modified_gmt":"2025-08-14T13:36:22","slug":"varmlandska-foretag-formar-framtidens-service-med-hjalp-av-alma-guideboken","status":"publish","type":"articles","link":"https:\/\/www.visitvarmland.com\/corporate\/tips-och-guider\/varmlandska-foretag-formar-framtidens-service-med-hjalp-av-alma-guideboken\/","title":{"rendered":"V\u00e4rml\u00e4ndska f\u00f6retag formar framtidens service \u2013 med hj\u00e4lp av ALMA Guideboken"},"content":{"rendered":"\n<p>Hur kan bes\u00f6ksn\u00e4ringsverksamheter sj\u00e4lva bygga in digitalt st\u00f6d och struktur \u2013 utan att g\u00f6ra det sv\u00e5rt? Det utforskar vi just nu i ett pilotprojekt d\u00e4r f\u00f6retag i V\u00e4rmland anv\u00e4nder <strong>ALMA Guideboken<\/strong>, ett flexibelt ramverk utvecklat i samarbete med Karlstadbaserade <strong>Kodfolk<\/strong>.<\/p>\n\n\n\n<p>Guideboken fungerar som en skr\u00e4ddarsydd digital plattform d\u00e4r verksamheterna sj\u00e4lva kan l\u00e4gga in rutiner, checklistor och utbildningsmaterial \u2013 direkt i en app. Det inneb\u00e4r att f\u00f6retag kan skapa egen digital handledning, g\u00f6ra utbildning mer tillg\u00e4nglig och kvalitetss\u00e4kra arbetsprocesser p\u00e5 ett modernt s\u00e4tt.<\/p>\n\n\n\n<p>Att arbeta med ALMA Guideboken ger:<\/p>\n\n\n\n<ul class=\"wp-block-list\">\n<li><strong>\u00d6kad struktur och kontinuitet<\/strong> \u2013 med tydliga rutiner och checklistor som kan f\u00f6ljas i appen.<\/li>\n\n\n\n<li><strong>Effektiv intern kommunikation<\/strong> \u2013 genom att samla utbildning och information p\u00e5 ett och samma st\u00e4lle.<\/li>\n\n\n\n<li><strong>Anpassningsf\u00f6rm\u00e5ga<\/strong> \u2013 varje f\u00f6retag formar ramverket efter sina egna behov och l\u00e4randeprocesser.<\/li>\n<\/ul>\n\n\n\n<p>Projektet \u00e4r en chans att vara med och forma hur digitala verktyg kan st\u00e4rka kompetens, intern samordning och kvalitetss\u00e4kring i bes\u00f6ksn\u00e4ringen i V\u00e4rmland \u2013 p\u00e5 ett praktiskt och anv\u00e4ndarv\u00e4nligt s\u00e4tt.<\/p>\n","protected":false},"author":380,"featured_media":0,"parent":0,"menu_order":0,"template":"","class_list":["post-6467","articles","type-articles","status-publish","hentry"],"acf":[],"lang":"sv","translations":{"sv":6467},"pll_sync_post":[],"_links":{"self":[{"href":"https:\/\/www.visitvarmland.com\/corporate\/wp-json\/wp\/v2\/articles\/6467","targetHints":{"allow":["GET"]}}],"collection":[{"href":"https:\/\/www.visitvarmland.com\/corporate\/wp-json\/wp\/v2\/articles"}],"about":[{"href":"https:\/\/www.visitvarmland.com\/corporate\/wp-json\/wp\/v2\/types\/articles"}],"author":[{"embeddable":true,"href":"https:\/\/www.visitvarmland.com\/corporate\/wp-json\/wp\/v2\/users\/380"}],"wp:attachment":[{"href":"https:\/\/www.visitvarmland.com\/corporate\/wp-json\/wp\/v2\/media?parent=6467"}],"curies":[{"name":"wp","href":"https:\/\/api.w.org\/{rel}","templated":true}]}}