{"id":1127,"date":"2021-12-10T15:53:32","date_gmt":"2021-12-10T14:53:32","guid":{"rendered":"https:\/\/www.visitvarmland.com\/visitvarmland-org\/?post_type=news&#038;p=1127"},"modified":"2024-06-03T17:47:08","modified_gmt":"2024-06-03T15:47:08","slug":"lar-dig-me","status":"publish","type":"news","link":"https:\/\/www.visitvarmland.com\/corporate\/nyheter\/lar-dig-me\/","title":{"rendered":"L\u00e4r dig med en digital coach"},"content":{"rendered":"\n<p>Start 17 januari &amp; 10 mars 2022 I Kostnadsfritt I Begr\u00e4nsat antal&nbsp;platser<\/p>\n\n\n\n<p><strong>L\u00e4r dig nya digitala f\u00e4rdigheter tillsammans med digitala coacher eller handledare. V\u00e4lj ditt \u00e4mne, ta del av kursmaterial och f\u00e5 st\u00f6d och inspiration av experter och ett n\u00e4tverk av likasinnade. Tillsammans lyfter vi v\u00e5r digitala kompetens.<\/strong><\/p>\n\n\n\n<p>Programmet passar b\u00e5de nyb\u00f6rjare och f\u00f6r dig som har f\u00f6rkunskaper.&nbsp;Programmet g\u00e5r p\u00e5 deltid och distans med ett flexibelt schema som du kan planera sj\u00e4lv och kombinera med jobb.<br><br>Platserna \u00e4r begr\u00e4nsade och det \u00e4r f\u00f6rst till kvarn. Skicka d\u00e4rf\u00f6r in din anm\u00e4lan direkt, du f\u00e5r du svar inom tv\u00e5 veckor om du har f\u00e5tt en plats. V\u00e4lj ditt sp\u00e5r nedan.&nbsp;<strong>Och gl\u00f6m inte att tipsa dina kollegor!<\/strong><\/p>\n\n\n\n<h3 class=\"wp-block-heading\"><strong>F\u00f6r nyb\u00f6rjare&nbsp;<\/strong><\/h3>\n\n\n\n<p><a href=\"https:\/\/compare.us6.list-manage.com\/track\/click?u=a7b60bac90b1919e84f1b14fd&amp;id=d45c00011b&amp;e=e9917afd98\" target=\"_blank\" rel=\"noreferrer noopener\">Digital marknadsf\u00f6ring och f\u00f6rs\u00e4ljning&nbsp;<\/a><br><a href=\"https:\/\/compare.us6.list-manage.com\/track\/click?u=a7b60bac90b1919e84f1b14fd&amp;id=1b0c9822ed&amp;e=e9917afd98\" target=\"_blank\" rel=\"noreferrer noopener\">Digitala arbetss\u00e4tt och innovation<\/a><\/p>\n\n\n\n<h3 class=\"wp-block-heading\"><br><strong>Mer avancerade sp\u00e5r<\/strong><\/h3>\n\n\n\n<p><a href=\"https:\/\/compare.us6.list-manage.com\/track\/click?u=a7b60bac90b1919e84f1b14fd&amp;id=e6791d10f3&amp;e=e9917afd98\" target=\"_blank\" rel=\"noreferrer noopener\">Machine Learning och AI<\/a><br><a href=\"https:\/\/compare.us6.list-manage.com\/track\/click?u=a7b60bac90b1919e84f1b14fd&amp;id=feeed80c67&amp;e=e9917afd98\" target=\"_blank\" rel=\"noreferrer noopener\">UX och digital design<\/a><br><a href=\"https:\/\/compare.us6.list-manage.com\/track\/click?u=a7b60bac90b1919e84f1b14fd&amp;id=1bda6e5f00&amp;e=e9917afd98\" target=\"_blank\" rel=\"noreferrer noopener\">Internet of Things<\/a><br><a href=\"https:\/\/compare.us6.list-manage.com\/track\/click?u=a7b60bac90b1919e84f1b14fd&amp;id=7c0adeee10&amp;e=e9917afd98\" target=\"_blank\" rel=\"noreferrer noopener\">Datas\u00e4kerhet<\/a><\/p>\n\n\n\n<h3 class=\"wp-block-heading\"><br><strong>F\u00f6r ledare<\/strong><\/h3>\n\n\n\n<p><a rel=\"noreferrer noopener\" href=\"https:\/\/compare.us6.list-manage.com\/track\/click?u=a7b60bac90b1919e84f1b14fd&amp;id=a739f0dc4d&amp;e=e9917afd98\" target=\"_blank\">Innovationsledning<\/a><\/p>\n\n\n\n<div class=\"wp-block-atheme-component-action-button atheme-wrapper--action-button-single\"><a href=\"https:\/\/www.compare.se\/nu-digitaliserar-vi-varmland\/\" target=\"_self\" class=\"a-action a-action--arrow\" rel=\"noopener\"><span>L\u00e4s mer och anm\u00e4l dig h\u00e4r<\/span><\/a><\/div>\n","protected":false},"author":3,"featured_media":0,"template":"","class_list":["post-1127","news","type-news","status-publish","hentry"],"acf":[],"lang":"sv","translations":{"sv":1127},"pll_sync_post":[],"_links":{"self":[{"href":"https:\/\/www.visitvarmland.com\/corporate\/wp-json\/wp\/v2\/news\/1127","targetHints":{"allow":["GET"]}}],"collection":[{"href":"https:\/\/www.visitvarmland.com\/corporate\/wp-json\/wp\/v2\/news"}],"about":[{"href":"https:\/\/www.visitvarmland.com\/corporate\/wp-json\/wp\/v2\/types\/news"}],"author":[{"embeddable":true,"href":"https:\/\/www.visitvarmland.com\/corporate\/wp-json\/wp\/v2\/users\/3"}],"wp:attachment":[{"href":"https:\/\/www.visitvarmland.com\/corporate\/wp-json\/wp\/v2\/media?parent=1127"}],"curies":[{"name":"wp","href":"https:\/\/api.w.org\/{rel}","templated":true}]}}