{"id":1307,"date":"2022-01-20T16:33:53","date_gmt":"2022-01-20T15:33:53","guid":{"rendered":"https:\/\/www.visitvarmland.com\/corporate\/?post_type=news&#038;p=1307"},"modified":"2024-06-03T17:47:08","modified_gmt":"2024-06-03T15:47:08","slug":"pandemin-har-slagit-hart-mot-de-varmlandska-granskommunerna","status":"publish","type":"news","link":"https:\/\/www.visitvarmland.com\/corporate\/nyheter\/pandemin-har-slagit-hart-mot-de-varmlandska-granskommunerna\/","title":{"rendered":"Pandemin har slagit h\u00e5rt mot de v\u00e4rml\u00e4ndska gr\u00e4nskommunerna"},"content":{"rendered":"\n<p>Pandemin har slagit h\u00e5rt mot de v\u00e4rml\u00e4ndska gr\u00e4nskommunerna och nu har regionala och kommunala f\u00f6retr\u00e4dare skrivit ett gemensamt brev till N\u00e4ringsminister Karl-Petter Torwaldsson och Utrikeshandelsminister Anna Hallberg kring gr\u00e4nsproblematiken i v\u00e4stra V\u00e4rmland kopplat till pandemin.<\/p>\n\n\n\n<p>&#8221;Bes\u00f6ksn\u00e4ring och handel har varit, och \u00e4r, viktiga branscher f\u00f6r V\u00e4rmland och inte minst f\u00f6r gr\u00e4nskommunerna. Det \u00e4r h\u00e4r unga f\u00e5r sitt f\u00f6rsta jobb med viktig arbetslivserfarenhet att ta med sig ut i livet. Det g\u00f6r ocks\u00e5 att det finns en m\u00f6jlighet att skaffa bostad och bilda familj. Handeln och turismen i sig bidrar ocks\u00e5 till att flera andra servicefunktioner i samh\u00e4llet kan finnas.&#8221;<\/p>\n\n\n\n<p>H\u00e4r kan du ta del av pressmeddelandet: <a rel=\"noreferrer noopener\" href=\"https:\/\/regionvarmland.se\/5.66b7f1a17e71cd8b1934c9.html?fbclid=IwAR2G-j3zQksrITvSrzF8UBUNEANyV1nXo1gNQXPpiyXM4LCMEFOQvcweIn8\" target=\"_blank\">https:\/\/regionvarmland.se\/5.66b7f1a17e71cd8b1934c9.html<\/a><\/p>\n\n\n\n<p>H\u00e4r kan du ta del av brevet: <a rel=\"noreferrer noopener\" href=\"https:\/\/bit.ly\/3tGu1ug?fbclid=IwAR2Q6WqHmAiSO3fPwdKyngJZH3XsheXxEa4z3RtNeBCAyHp0Z1X4tZKcvXc\" target=\"_blank\">https:\/\/bit.ly\/3tGu1ug<\/a><\/p>\n","protected":false},"author":2,"featured_media":0,"template":"","class_list":["post-1307","news","type-news","status-publish","hentry"],"acf":[],"lang":"sv","translations":{"sv":1307},"pll_sync_post":[],"_links":{"self":[{"href":"https:\/\/www.visitvarmland.com\/corporate\/wp-json\/wp\/v2\/news\/1307","targetHints":{"allow":["GET"]}}],"collection":[{"href":"https:\/\/www.visitvarmland.com\/corporate\/wp-json\/wp\/v2\/news"}],"about":[{"href":"https:\/\/www.visitvarmland.com\/corporate\/wp-json\/wp\/v2\/types\/news"}],"author":[{"embeddable":true,"href":"https:\/\/www.visitvarmland.com\/corporate\/wp-json\/wp\/v2\/users\/2"}],"wp:attachment":[{"href":"https:\/\/www.visitvarmland.com\/corporate\/wp-json\/wp\/v2\/media?parent=1307"}],"curies":[{"name":"wp","href":"https:\/\/api.w.org\/{rel}","templated":true}]}}