{"id":1337,"date":"2022-01-28T13:20:36","date_gmt":"2022-01-28T12:20:36","guid":{"rendered":"https:\/\/www.visitvarmland.com\/corporate\/?post_type=news&#038;p=1337"},"modified":"2024-06-03T17:47:08","modified_gmt":"2024-06-03T15:47:08","slug":"ny-rapport-granslosa-mojligheter","status":"publish","type":"news","link":"https:\/\/www.visitvarmland.com\/corporate\/nyheter\/ny-rapport-granslosa-mojligheter\/","title":{"rendered":"Ny rapport \u2013 Gr\u00e4nsl\u00f6sa m\u00f6jligheter"},"content":{"rendered":"\n<p>Huvudsyftet med rapporten \u00e4r att \u00f6ka kunskapen om v\u00e5ra l\u00e4nders betydelse f\u00f6r varandra. Vi vet att den \u00e4r b\u00e5de efterl\u00e4ngtad och beh\u00f6vs. Pandemin har varit en utmaning och p\u00e5frestning f\u00f6r relationen, men ocks\u00e5 inneburit t\u00e4tare och mer intensiva kontakter mellan olika samarbetspartner. Samverkan \u00f6ver gr\u00e4nsen har aldrig varit viktigare och vi upplever en samst\u00e4mmighet om att det finns en enorm potential i \u00e4nnu mer samhandling. Det \u00e4r d\u00e4rf\u00f6r rapporten har f\u00e5tt titeln Gr\u00e4nsl\u00f6sa m\u00f6jligheter.<\/p>\n\n\n\n<p>Det kan med gl\u00e4dje konstateras att:<\/p>\n\n\n\n<ul class=\"wp-block-list\"><li>Vi \u00e4r m\u00e5nga akt\u00f6rer som har ett stort engagemang f\u00f6r samverkan \u00f6ver gr\u00e4nsen<\/li><li>Det finns h\u00f6ga ambitioner, konkreta id\u00e9er och vilja till samhandling inom m\u00e5nga utvecklingsomr\u00e5den<\/li><li>Relationen mellan Sverige och Norge \u00e4r unik i v\u00e4rlden&nbsp;<\/li><li>Det \u00e4r med gemensamma krafter och ambitioner vi h\u00e5ller relationen levande.<\/li><\/ul>\n\n\n\n<p><a href=\"https:\/\/regionvarmland.se\/4.66b7f1a17e71cd8b19118ae.html\" target=\"_blank\" rel=\"noopener\">Rapporten finns tillg\u00e4nglig att ladda ned h\u00e4r.<\/a><\/p>\n\n\n\n<p>Om du har fr\u00e5gor, eller vill diskutera samverkan kring inneh\u00e5llet i rapporten, \u00e4r du v\u00e4lkommen att ta kontakt med Region V\u00e4rmlands kommunikat\u00f6r Anna G\u00e4rdin via e-post&nbsp;<a href=\"mailto:anna.gardin@regionvarmland.se\">anna.gardin@regionvarmland.se<\/a>&nbsp;eller telefon +46&nbsp;72-457 98 36.<\/p>\n","protected":false},"author":2,"featured_media":0,"template":"","class_list":["post-1337","news","type-news","status-publish","hentry"],"acf":[],"lang":"sv","translations":{"sv":1337},"pll_sync_post":[],"_links":{"self":[{"href":"https:\/\/www.visitvarmland.com\/corporate\/wp-json\/wp\/v2\/news\/1337","targetHints":{"allow":["GET"]}}],"collection":[{"href":"https:\/\/www.visitvarmland.com\/corporate\/wp-json\/wp\/v2\/news"}],"about":[{"href":"https:\/\/www.visitvarmland.com\/corporate\/wp-json\/wp\/v2\/types\/news"}],"author":[{"embeddable":true,"href":"https:\/\/www.visitvarmland.com\/corporate\/wp-json\/wp\/v2\/users\/2"}],"wp:attachment":[{"href":"https:\/\/www.visitvarmland.com\/corporate\/wp-json\/wp\/v2\/media?parent=1337"}],"curies":[{"name":"wp","href":"https:\/\/api.w.org\/{rel}","templated":true}]}}