{"id":1360,"date":"2022-02-03T09:44:05","date_gmt":"2022-02-03T08:44:05","guid":{"rendered":"https:\/\/www.visitvarmland.com\/corporate\/?post_type=news&#038;p=1360"},"modified":"2024-06-03T17:47:08","modified_gmt":"2024-06-03T15:47:08","slug":"sverige-oppnar-upp-restriktionerna-havs-9-januari","status":"publish","type":"news","link":"https:\/\/www.visitvarmland.com\/corporate\/nyheter\/sverige-oppnar-upp-restriktionerna-havs-9-januari\/","title":{"rendered":"Sverige \u00f6ppnar upp \u2014 restriktionerna h\u00e4vs 9 februari"},"content":{"rendered":"\n<p>Regeringen slopar n\u00e4stan alla restriktioner den 9 februari 2022.<\/p>\n\n\n\n<p>Smittspridningen \u00e4r \u00e4nnu inte \u00f6ver men har g\u00e5tt in i en ny fas med bland annat ett nytt kunskapsl\u00e4ge och studier om en mildare virusvariant. Det \u00e4r ett nytt l\u00e4ge med l\u00e5g inl\u00e4ggning i sjukv\u00e5rden i f\u00f6rh\u00e5llande till smittspridning, och att vaccinationstakten har varit v\u00e4ldigt h\u00f6g i Sverige som g\u00f6r det m\u00f6jligt.<\/p>\n\n\n\n<p>Restriktionerna som tas bort handlar bland annat om de som ber\u00f6r allm\u00e4nna sammankomster och offentliga tillst\u00e4llningar, serveringsst\u00e4llen och privata sammankomster.&nbsp;\u00c4ven r\u00e5det att avst\u00e5 fr\u00e5n st\u00f6rre sociala sammankomster tas bort. Inreserestriktionerna som inf\u00f6rts f\u00f6r nordiska l\u00e4nder tas \u00e4ven de bort.<\/p>\n\n\n\n<p>S\u00e4rskilda rekommendationer f\u00f6r ovaccinerade kommer att ligga kvar och \u00e4ven en i forts\u00e4ttningen ska man stanna hemma om man \u00e4r sjuk.<\/p>\n\n\n\n<p>Nu kan vi \u00e4ntligen \u00e5terg\u00e5 till det \u201dnormala\u201d och m\u00f6tas igen!<\/p>\n\n\n\n<p>L\u00e4s mer p\u00e5 regeringen.se<\/p>\n","protected":false},"author":2,"featured_media":0,"template":"","class_list":["post-1360","news","type-news","status-publish","hentry"],"acf":[],"lang":"sv","translations":{"sv":1360},"pll_sync_post":[],"_links":{"self":[{"href":"https:\/\/www.visitvarmland.com\/corporate\/wp-json\/wp\/v2\/news\/1360","targetHints":{"allow":["GET"]}}],"collection":[{"href":"https:\/\/www.visitvarmland.com\/corporate\/wp-json\/wp\/v2\/news"}],"about":[{"href":"https:\/\/www.visitvarmland.com\/corporate\/wp-json\/wp\/v2\/types\/news"}],"author":[{"embeddable":true,"href":"https:\/\/www.visitvarmland.com\/corporate\/wp-json\/wp\/v2\/users\/2"}],"wp:attachment":[{"href":"https:\/\/www.visitvarmland.com\/corporate\/wp-json\/wp\/v2\/media?parent=1360"}],"curies":[{"name":"wp","href":"https:\/\/api.w.org\/{rel}","templated":true}]}}