{"id":1365,"date":"2022-02-07T16:54:13","date_gmt":"2022-02-07T15:54:13","guid":{"rendered":"https:\/\/www.visitvarmland.com\/corporate\/?post_type=news&#038;p=1365"},"modified":"2024-06-03T17:47:08","modified_gmt":"2024-06-03T15:47:08","slug":"nytt-statistikverktyg-for-inkvarteringsstatistik","status":"publish","type":"news","link":"https:\/\/www.visitvarmland.com\/corporate\/nyheter\/nytt-statistikverktyg-for-inkvarteringsstatistik\/","title":{"rendered":"Nytt statistikverktyg f\u00f6r inkvarteringsstatistik"},"content":{"rendered":"\n<p>Tillv\u00e4xtverket har tagit fram ett nytt statistikverktyg f\u00f6r inkvarteringsstatistik.\u00a0I detta kan du som anv\u00e4ndare se g\u00e4stn\u00e4tter, kapacitet, bel\u00e4ggning samt g\u00e4sternas heml\u00e4nder f\u00f6r hotell, stugbyar, vandrarhem, kommersiellt f\u00f6rmedlade privata stugor och l\u00e4genheter samt campingplatser i Sverige.<\/p>\n\n\n\n<p><a href=\"https:\/\/tillvaxtdata.tillvaxtverket.se\/statistikportal\" target=\"_blank\" rel=\"noopener\">H\u00e4r kan du ta en titt p\u00e5 verktyget!<\/a><\/p>\n\n\n\n<p>Utifr\u00e5n den statistiken h\u00e4mtar bes\u00f6ksn\u00e4ringen, politiker och andra beslutsfattare kunskap och underlag som anv\u00e4nds f\u00f6r att fatta beslut kring infrastruktur och resm\u00f6jligheter, som underlag n\u00e4r kommunen och regionen planerar och som ett verktyg for politiken men \u00e4ven som underlag f\u00f6r nationellt och internationellt arbete med bes\u00f6ksn\u00e4ringen.<\/p>\n\n\n\n<p><\/p>\n\n\n\n<p><\/p>\n","protected":false},"author":2,"featured_media":0,"template":"","class_list":["post-1365","news","type-news","status-publish","hentry"],"acf":[],"lang":"sv","translations":{"sv":1365},"pll_sync_post":[],"_links":{"self":[{"href":"https:\/\/www.visitvarmland.com\/corporate\/wp-json\/wp\/v2\/news\/1365","targetHints":{"allow":["GET"]}}],"collection":[{"href":"https:\/\/www.visitvarmland.com\/corporate\/wp-json\/wp\/v2\/news"}],"about":[{"href":"https:\/\/www.visitvarmland.com\/corporate\/wp-json\/wp\/v2\/types\/news"}],"author":[{"embeddable":true,"href":"https:\/\/www.visitvarmland.com\/corporate\/wp-json\/wp\/v2\/users\/2"}],"wp:attachment":[{"href":"https:\/\/www.visitvarmland.com\/corporate\/wp-json\/wp\/v2\/media?parent=1365"}],"curies":[{"name":"wp","href":"https:\/\/api.w.org\/{rel}","templated":true}]}}