{"id":1367,"date":"2022-02-08T08:27:43","date_gmt":"2022-02-08T07:27:43","guid":{"rendered":"https:\/\/www.visitvarmland.com\/corporate\/?post_type=news&#038;p=1367"},"modified":"2024-06-03T17:47:07","modified_gmt":"2024-06-03T15:47:07","slug":"latoss-stotta-besoksnaringen-genom-ett-besok","status":"publish","type":"news","link":"https:\/\/www.visitvarmland.com\/corporate\/nyheter\/latoss-stotta-besoksnaringen-genom-ett-besok\/","title":{"rendered":"#l\u00e5toss \u2013 st\u00f6tta bes\u00f6ksn\u00e4ringen genom ett bes\u00f6k!"},"content":{"rendered":"\n<p>F\u00f6r att v\u00e4cka framtidstro i bes\u00f6ksn\u00e4ringen vill Visita under budskapet \u201dSt\u00f6tta svensk bes\u00f6ksn\u00e4ring\u201d uppmana m\u00e4nniskor att \u00e4ta lunch eller middag ute p\u00e5 restaurang. Vi hoppas att \u00e4ven du vill uppm\u00e4rksamma och st\u00f6tta n\u00e4ringen genom att sj\u00e4lv bes\u00f6ka, men \u00e4ven uppmana dina bes\u00f6kare om du \u00e4r i branschen att ta en bild och g\u00f6ra ett inl\u00e4gg p\u00e5 sociala medier under hashtaggen #l\u00e5toss. D\u00e5 g\u00f6r du en insats f\u00f6r att \u00e5terigen bygga upp Sveriges viktigaste jobb- och integrationsmotor!<\/p>\n\n\n\n<p><a href=\"https:\/\/www.visitvarmland.com\/corporate\/wp-content\/uploads\/sites\/20\/2022\/02\/Inbjudan-att-stotta-svensk-besoksnaring-onsdag-9-februari-.pdf\">L\u00e4s brevet fr\u00e5n Visita<\/a><\/p>\n","protected":false},"author":2,"featured_media":0,"template":"","class_list":["post-1367","news","type-news","status-publish","hentry"],"acf":[],"lang":"sv","translations":{"sv":1367},"pll_sync_post":[],"_links":{"self":[{"href":"https:\/\/www.visitvarmland.com\/corporate\/wp-json\/wp\/v2\/news\/1367","targetHints":{"allow":["GET"]}}],"collection":[{"href":"https:\/\/www.visitvarmland.com\/corporate\/wp-json\/wp\/v2\/news"}],"about":[{"href":"https:\/\/www.visitvarmland.com\/corporate\/wp-json\/wp\/v2\/types\/news"}],"author":[{"embeddable":true,"href":"https:\/\/www.visitvarmland.com\/corporate\/wp-json\/wp\/v2\/users\/2"}],"wp:attachment":[{"href":"https:\/\/www.visitvarmland.com\/corporate\/wp-json\/wp\/v2\/media?parent=1367"}],"curies":[{"name":"wp","href":"https:\/\/api.w.org\/{rel}","templated":true}]}}