{"id":1370,"date":"2022-02-08T10:14:34","date_gmt":"2022-02-08T09:14:34","guid":{"rendered":"https:\/\/www.visitvarmland.com\/corporate\/?post_type=news&#038;p=1370"},"modified":"2024-06-03T17:47:07","modified_gmt":"2024-06-03T15:47:07","slug":"uppvaxlade-mojligheter-att-kombinera-cykel-och-buss-i-sommar","status":"publish","type":"news","link":"https:\/\/www.visitvarmland.com\/corporate\/nyheter\/uppvaxlade-mojligheter-att-kombinera-cykel-och-buss-i-sommar\/","title":{"rendered":"Uppv\u00e4xlade m\u00f6jligheter att kombinera cykel och buss i sommar"},"content":{"rendered":"\n<p><strong>Nu har Visit V\u00e4rmland tillsammans med Region V\u00e4rmland och Nobina gjort flera stora satsningar f\u00f6r att st\u00e4rka V\u00e4rmland som en h\u00e5llbar cykeldestination. Under sommaren 2022 kommer \u00e4nnu fler resen\u00e4rer kunna ta med sig sin cykel p\u00e5 bussen.<\/strong><\/p>\n\n\n\n<p>Pilotprojektet Cykel p\u00e5 kollektivtrafiken startades f\u00f6rra sommaren och syftet med projektet var att \u00f6ka m\u00f6jligheterna f\u00f6r cykelturister att uppleva Klar\u00e4lvsbanan och samtidigt resa h\u00e5llbart och klimatsmart. Premi\u00e4rs\u00e4songen 2021 gav positiva resultat som nu utvecklats f\u00f6r att fler cykelturister ska kunna v\u00e4lja bussen som alternativ.<\/p>\n\n\n\n<p>\u2014 Intresset var stort f\u00f6r v\u00e5r satsning i somras och vi fick in m\u00e5nga bra synpunkter och utvecklingsf\u00f6rslag fr\u00e5n v\u00e5ra resen\u00e4rer. Att kunna boka sin resa online \u00e4r ett s\u00e5dant exempel vilket nu kommer att vara m\u00f6jligt inf\u00f6r sommaren 2022, s\u00e4ger Markus Bergman som \u00e4r trafikchef regionbuss p\u00e5 Region V\u00e4rmland.<\/p>\n\n\n\n<p><strong>Ta med cykeln p\u00e5 V\u00e4rmlandstrafiks linje 600 och 700<br><\/strong>Satsningen v\u00e4xlar inf\u00f6r 2022 upp p\u00e5 flera s\u00e4tt. Bokningsm\u00f6jligheterna fr\u00e5n 2021 ut\u00f6kas p\u00e5 linje 600, som tar resen\u00e4rer till Klar\u00e4lvsleden, s\u00e5 att det g\u00e5r att boka cykelplats vid fler turer och vid ytterligare tv\u00e5 h\u00e5llplatser, Eksh\u00e4rad och V\u00e4rn\u00e4s. I \u00e5r blir det dessutom m\u00f6jligt f\u00f6r cykelturister att ta sig till vissa delar av Unionsleden, genom att flera av V\u00e4rmlandstrafiks bussar p\u00e5 linje 700 mellan Karlstad och T\u00f6cksfors utrustas med cykelst\u00e4ll.<\/p>\n\n\n\n<p>Inf\u00f6r sommaren lanseras ocks\u00e5 en separat tidtabell f\u00f6r cykel p\u00e5 buss och ett digitalt bokningssystem f\u00f6r att f\u00f6renkla bokningen f\u00f6r resen\u00e4rerna. En satsning som g\u00f6r V\u00e4rmland mer l\u00e4ttillg\u00e4ngligt men som samtidigt g\u00f6r det enklare f\u00f6r resen\u00e4rer att kunna v\u00e4lja ett h\u00e5llbart resande.<\/p>\n\n\n\n<p>Cykelsatsningen p\u00e5g\u00e5r under sommartidtabellen 2022 mellan 13 juni \u2013 14 augusti och det g\u00e5r att boka cykelplats vid ett flertal av busslinjernas turer p\u00e5 b\u00e5de vardagar och helger. Resen\u00e4rerna kan lasta p\u00e5 och av sina cyklar p\u00e5 ett antal utvalda h\u00e5llplatser och det finns plats f\u00f6r tv\u00e5 cyklar samtidigt.<\/p>\n\n\n\n<p>\u2014 Vi \u00e4r otroligt glada och stolta \u00f6ver att kunna presentera flera nya satsningar f\u00f6r att kunna ta ytterligare ett kliv i utvecklingen mot att vara en attraktiv cykeldestination. Att nu \u00e4ven kunna erbjuda cykelturister m\u00f6jligheten att ta sig med buss till Klar\u00e4lvsbanan, Klar\u00e4lvsleden och Unionsleden \u00e4r ett stort steg i r\u00e4tt riktning f\u00f6r V\u00e4rmland, s\u00e4ger Niclas Wikman, projektledare p\u00e5 Visit V\u00e4rmland.<\/p>\n\n\n\n<p><strong>Om Cykel p\u00e5 kollektivtrafiken<br><\/strong>Cykel p\u00e5 kollektiven \u00e4r en del av projektet Investeringsprojekt servicesstuktur cykelleder V\u00e4rmland &#8211; V\u00e4stra G\u00f6taland&nbsp;som finansieras av Tillv\u00e4xtverket och Region V\u00e4rmland och startade under sommartidtabellen 2021 p\u00e5 str\u00e4ckan Karlstad-Hagfors med busslinje 600. Testet omfattade d\u00e5 samtliga helgavg\u00e5ngar under perioden samt n\u00e5gra avg\u00e5ngar p\u00e5 tisdagar och torsdagar. Testet visade att det finns en tydlig efterfr\u00e5gan och responsen fr\u00e5n resen\u00e4rer och busschauff\u00f6rer var mycket positiv.<\/p>\n\n\n\n<p>Den som vill ta med sig cykeln p\u00e5 bussen i sommar kommer att kunna boka plats, hitta tidtabell och ytterligare information p\u00e5 V\u00e4rmlandstrafiks webbplats, varmlandstrafik.se.<\/p>\n\n\n\n<p><strong>F\u00f6r mer information<br><\/strong>Markus Bergman, Trafikchef Regionbuss, tel 010-832 81 72, markus.bergman@regionvarmland.se.<\/p>\n\n\n\n<p>Andreas Norum, Projektledare Visit V\u00e4rmland, tel 054-776 60 06, andreas.norum@visitvarmland.com<\/p>\n\n\n\n<div class=\"wp-block-atheme-component-action-button atheme-wrapper--action-button-single\"><a href=\"https:\/\/www.mynewsdesk.com\/se\/visitvarmland\/pressreleases\/uppvaexlade-moejligheter-att-kombinera-cykel-och-buss-i-sommar-3160082\" target=\"_self\" class=\"a-action a-action--arrow\" rel=\"noopener\"><span>Till pressmeddelandet<\/span><\/a><\/div>\n\n\n\n<div class=\"wp-block-atheme-component-action-button atheme-wrapper--action-button-single\"><a href=\"https:\/\/www.varmlandstrafik.se\/resa\/cykel-pa-bussen\/\" target=\"_self\" class=\"a-action a-action--arrow\" rel=\"noopener\"><span>Mer information om Cykel p\u00e5 bussen hittar du h\u00e4r<\/span><\/a><\/div>\n","protected":false},"author":3,"featured_media":0,"template":"","class_list":["post-1370","news","type-news","status-publish","hentry"],"acf":[],"lang":"sv","translations":{"sv":1370},"pll_sync_post":[],"_links":{"self":[{"href":"https:\/\/www.visitvarmland.com\/corporate\/wp-json\/wp\/v2\/news\/1370","targetHints":{"allow":["GET"]}}],"collection":[{"href":"https:\/\/www.visitvarmland.com\/corporate\/wp-json\/wp\/v2\/news"}],"about":[{"href":"https:\/\/www.visitvarmland.com\/corporate\/wp-json\/wp\/v2\/types\/news"}],"author":[{"embeddable":true,"href":"https:\/\/www.visitvarmland.com\/corporate\/wp-json\/wp\/v2\/users\/3"}],"wp:attachment":[{"href":"https:\/\/www.visitvarmland.com\/corporate\/wp-json\/wp\/v2\/media?parent=1370"}],"curies":[{"name":"wp","href":"https:\/\/api.w.org\/{rel}","templated":true}]}}