{"id":1383,"date":"2022-02-08T13:59:48","date_gmt":"2022-02-08T12:59:48","guid":{"rendered":"https:\/\/www.visitvarmland.com\/corporate\/?post_type=news&#038;p=1383"},"modified":"2024-06-03T17:47:07","modified_gmt":"2024-06-03T15:47:07","slug":"visit-swedens-satsar-med-full-fart-framat","status":"publish","type":"news","link":"https:\/\/www.visitvarmland.com\/corporate\/nyheter\/visit-swedens-satsar-med-full-fart-framat\/","title":{"rendered":"Visit Swedens satsar med full fart fram\u00e5t"},"content":{"rendered":"\n<p>Sverige \u00f6ppnar upp \u2013 och Visit Sweden presenterar sin marknadsplan f\u00f6r 2022. Det blir full fart fram\u00e5t med stora internationella reklamkampanjer, konstant relevant och digital synlighet p\u00e5 de viktigaste marknaderna f\u00f6r turism till Sverige och m\u00e4ngder med PR- och pressaktiviteter samt \u00f6kat fokus p\u00e5 kunskapsdelning till svenska bes\u00f6ksn\u00e4ringen. <a href=\"https:\/\/www.mynewsdesk.com\/se\/visitsweden\/pressreleases\/sverige-oeppnar-upp-visit-sweden-presenterar-sin-marknadsplan-foer-2022-full-fart-framaat-3160530\" target=\"_blank\" rel=\"noopener\">L\u00e4s pressmeddelandet.<\/a><\/p>\n","protected":false},"author":2,"featured_media":0,"template":"","class_list":["post-1383","news","type-news","status-publish","hentry"],"acf":[],"lang":"sv","translations":{"sv":1383},"pll_sync_post":[],"_links":{"self":[{"href":"https:\/\/www.visitvarmland.com\/corporate\/wp-json\/wp\/v2\/news\/1383","targetHints":{"allow":["GET"]}}],"collection":[{"href":"https:\/\/www.visitvarmland.com\/corporate\/wp-json\/wp\/v2\/news"}],"about":[{"href":"https:\/\/www.visitvarmland.com\/corporate\/wp-json\/wp\/v2\/types\/news"}],"author":[{"embeddable":true,"href":"https:\/\/www.visitvarmland.com\/corporate\/wp-json\/wp\/v2\/users\/2"}],"wp:attachment":[{"href":"https:\/\/www.visitvarmland.com\/corporate\/wp-json\/wp\/v2\/media?parent=1383"}],"curies":[{"name":"wp","href":"https:\/\/api.w.org\/{rel}","templated":true}]}}