{"id":1421,"date":"2022-02-18T13:32:33","date_gmt":"2022-02-18T12:32:33","guid":{"rendered":"https:\/\/www.visitvarmland.com\/corporate\/?post_type=news&#038;p=1421"},"modified":"2024-06-03T17:47:07","modified_gmt":"2024-06-03T15:47:07","slug":"nytt-koncept-for-smaka-pa-varmland-2022","status":"publish","type":"news","link":"https:\/\/www.visitvarmland.com\/corporate\/nyheter\/nytt-koncept-for-smaka-pa-varmland-2022\/","title":{"rendered":"Nytt koncept f\u00f6r Smaka p\u00e5 V\u00e4rmland 2022"},"content":{"rendered":"\n<p><strong>Planeringen \u00e4r ig\u00e5ng f\u00f6r Smaka p\u00e5 V\u00e4rmland 2022. Nu h\u00f6jer Nifa, Visit V\u00e4rmland och Visit Kristinehamn gemensamt ambitionsniv\u00e5n i samarbetet och har som m\u00e5l att ut\u00f6ka evenemanget med fler samlingsplatser f\u00f6r att lyfta hela V\u00e4rmland som en attraktiv mat- och dryckesdestination.<\/strong><\/p>\n\n\n\n<p>I \u00e5r har Nifa tillsammans med Visit V\u00e4rmland och Visit Kristinehamn valt att h\u00f6ja ambitionsniv\u00e5n ytterligare f\u00f6r matfestivalen och smakrundan genom att bjuda in fler kommuner som, ut\u00f6ver Kristinehamn, deltar med en samlingsplats under Smaka p\u00e5 V\u00e4rmland 24-25 september.<\/p>\n\n\n\n<p>\u2013 Vi har som ambition att ha fyra samlingsplatser i V\u00e4rmland d\u00e4r man samlar fler akt\u00f6rer och tillsammans skapar ett event f\u00f6r att bygga upp en riktig v\u00e4lbes\u00f6kt mathelg i september, s\u00e4ger Pernilla Samuelsson, projektledare p\u00e5 Nifa. Det \u00e4ger rum en massa lokala matevenemang runt om i V\u00e4rmland under h\u00f6sten och om vi skulle koncentrera detta engagemang till en och samma helg tror vi att V\u00e4rmland skulle kunna bli \u00e4n mer attraktivt f\u00f6r b\u00e5de boende och som reseanledning f\u00f6r bes\u00f6kare p\u00e5 sikt.&nbsp;<\/p>\n\n\n\n<p>En av samlingsplatserna \u00e4r som tidigare i Kristinehamn, d\u00e4r en matfestival arrangeras parallellt med smakrundan. Det har varit ett mycket uppskattat uppl\u00e4gg av b\u00e5de f\u00f6retagen och bes\u00f6karna, s\u00e4ger Linn\u00e9a Palmqvist, turism-och destinationsutvecklare, Visit Kristinehamn. V\u00e4rmlands mat- och dryckesproducenter kan delta p\u00e5 plats eller bjuda in bes\u00f6kare till sina respektive kommuner, g\u00e5rdar och lokaler.<\/p>\n\n\n\n<p>\u2013 Det k\u00e4nns inspirerande att vi nu tar ytterligare steg i v\u00e5rt samarbete kring Smaka p\u00e5 V\u00e4rmland. M\u00e5ltidsturismen \u00e4r en del i arbetet att positionera och utveckla V\u00e4rmland som destination och nu \u00f6ppnas fler d\u00f6rrar f\u00f6r gynnsam produktutveckling och nya paketeringar, s\u00e4ger John Zafaradl, projektledare p\u00e5 Visit V\u00e4rmland.<\/p>\n\n\n\n<p>Smaka p\u00e5 V\u00e4rmland arrangeras av Nifa, Visit V\u00e4rmland och Visit Kristinehamn som tillsammans arbetar f\u00f6r att hela V\u00e4rmland ska vara en stark mat- och dryckesdestination. Matfestivalen som arrangeras f\u00f6r 12:e \u00e5ret i rad har kommit att bli ett av Sveriges popul\u00e4ra matevenemang. Smakresan \u00e4r ett attraktivt s\u00e4tt f\u00f6r lokala producenter, g\u00e5rdsbutiker, restauranger och andra verksamheter inom kategorin att visa upp och s\u00e4lja sina mathanverk och livsmedelsprodukter.&nbsp;<\/p>\n\n\n\n<p>\u2013 Akt\u00f6rer som sysslar med mat och dryck och det dukade bordet kan anm\u00e4la sig som utst\u00e4llare och hitta mer information p\u00e5&nbsp;<a href=\"https:\/\/www.visitvarmland.com\/smaka-pa-varmland\/\">visitvarmland.com<\/a>. Vi uppdaterar sidan allteftersom och akt\u00f6rer och producenter kommer att dyka upp direkt p\u00e5 en digital karta n\u00e4r de anm\u00e4lt sig. Den tryckta kartan kommer att finnas p\u00e5 Turistbyr\u00e5er, Infopoints och hos utst\u00e4llare redan i juli f\u00f6r att fler bes\u00f6kare ska kunna planera sin smakrunda i god tid, s\u00e4ger Pernilla Samuelsson projektledare p\u00e5 Nifa.<\/p>\n\n\n\n<p><a rel=\"noreferrer noopener\" href=\"http:\/\/www.facebook.com\/sharer.php?u=https:\/\/www.mynewsdesk.com\/se\/visitvarmland\/pressreleases\/nytt-koncept-foer-smaka-paa-vaermland-2022-3162732&amp;t=Nytt%20koncept%20f%C3%B6r%20Smaka%20p%C3%A5%20V%C3%A4rmland%202022\" target=\"_blank\"><\/a><\/p>\n","protected":false},"author":2,"featured_media":1422,"template":"","class_list":["post-1421","news","type-news","status-publish","has-post-thumbnail","hentry"],"acf":[],"lang":"sv","translations":{"sv":1421},"pll_sync_post":[],"_links":{"self":[{"href":"https:\/\/www.visitvarmland.com\/corporate\/wp-json\/wp\/v2\/news\/1421","targetHints":{"allow":["GET"]}}],"collection":[{"href":"https:\/\/www.visitvarmland.com\/corporate\/wp-json\/wp\/v2\/news"}],"about":[{"href":"https:\/\/www.visitvarmland.com\/corporate\/wp-json\/wp\/v2\/types\/news"}],"author":[{"embeddable":true,"href":"https:\/\/www.visitvarmland.com\/corporate\/wp-json\/wp\/v2\/users\/2"}],"wp:featuredmedia":[{"embeddable":true,"href":"https:\/\/www.visitvarmland.com\/corporate\/wp-json\/wp\/v2\/media\/1422"}],"wp:attachment":[{"href":"https:\/\/www.visitvarmland.com\/corporate\/wp-json\/wp\/v2\/media?parent=1421"}],"curies":[{"name":"wp","href":"https:\/\/api.w.org\/{rel}","templated":true}]}}