{"id":1475,"date":"2022-03-03T10:39:28","date_gmt":"2022-03-03T09:39:28","guid":{"rendered":"https:\/\/www.visitvarmland.com\/corporate\/?post_type=news&#038;p=1475"},"modified":"2024-06-03T17:47:07","modified_gmt":"2024-06-03T15:47:07","slug":"sa-paverkas-ditt-foretag-av-situationen-i-ukraina-extrainsatt-seminarium-halls-av-handelskammaren","status":"publish","type":"news","link":"https:\/\/www.visitvarmland.com\/corporate\/nyheter\/sa-paverkas-ditt-foretag-av-situationen-i-ukraina-extrainsatt-seminarium-halls-av-handelskammaren\/","title":{"rendered":"S\u00e5 p\u00e5verkas ditt f\u00f6retag av situationen i Ukraina &#8211; Extrainsatt seminarium h\u00e5lls av Handelskammaren"},"content":{"rendered":"\n<p>Rysslands invasion av Ukraina \u00e4r f\u00f6rst och fr\u00e4mst en m\u00e4nsklig tragedi. Men det p\u00e5verkar ocks\u00e5 den internationella handeln och d\u00e4rmed situationen f\u00f6r f\u00f6retag runt om i v\u00e4rlden. F\u00f6retagen i V\u00e4rmland har bland annat utryckt oro f\u00f6r betalningar, leveranser och v\u00e4rldshandeln i stort.<\/p>\n\n\n\n<h5 class=\"wp-block-heading\"><strong>F\u00d6R VEM?<\/strong><\/h5>\n\n\n\n<p>Seminariet \u00e4r digitalt. Du lyssnar till experter som kan ge dig v\u00e4gledning fram\u00e5t i en tid d\u00e4r n\u00e4ringslivet p\u00e5verkas starkt av Rysslands invasion av Ukraina.<strong>DATUM:&nbsp;<\/strong>M\u00e5ndag 7 mars, kl. 14.00 &#8211; 15.00<br><strong>PLATS:&nbsp;<\/strong>Digitalt via Zoom<br><strong>PRIS:&nbsp;<\/strong>Kostnadsfritt<br><a href=\"https:\/\/l.facebook.com\/l.php?u=https%3A%2F%2Fhandelskammarenvarmland.us1.list-manage.com%2Ftrack%2Fclick%3Fu%3D8aad3ee2eb69b771822fbd887%26id%3D8d0c5a4f1a%26e%3Df4e381feb0%26fbclid%3DIwAR36Iz_57G_Ul4D1-Zx5P4DcSd-NLoxUe4nWLed0zPZZO8LDBDRcSs0QdbI&amp;h=AT3PAeIgwrEOBejNxBD2CQqdqaQ5Pac7uucBKrazENF2ZrucuTUGmOwKwYqefHcaaPv9au52ihg-27BO4M7oP-_UKY-BEE6jaP-UN6C4ISDhOQIobN3v4rTJaY9_u-4NAL7qsbg&amp;__tn__=-UK-R&amp;c[0]=AT0pMFn7_ikaXRIDNZ4EC5uMQOpTVEhQdUsx98cdgiP_RlTSlSBlfC75AYWkTZr1hQzygobUiVLCqLz0UgBidTtM0oBsmBbLpC7IrnYcH3P2yxfUGOlISKf1dohBjxcum17BJ4OrjZ98tg6x4F3AsAiSFZGtNH_sFl-4_hbQlk8_4PoHrVCUyjn_ZrrAyuYqTyNaiSFxPQaF1WWJRo0\" rel=\"noreferrer noopener\" target=\"_blank\">Till anm\u00e4lningsformul\u00e4ret!<\/a><\/p>\n","protected":false},"author":2,"featured_media":0,"template":"","class_list":["post-1475","news","type-news","status-publish","hentry"],"acf":[],"lang":"sv","translations":{"sv":1475},"pll_sync_post":[],"_links":{"self":[{"href":"https:\/\/www.visitvarmland.com\/corporate\/wp-json\/wp\/v2\/news\/1475","targetHints":{"allow":["GET"]}}],"collection":[{"href":"https:\/\/www.visitvarmland.com\/corporate\/wp-json\/wp\/v2\/news"}],"about":[{"href":"https:\/\/www.visitvarmland.com\/corporate\/wp-json\/wp\/v2\/types\/news"}],"author":[{"embeddable":true,"href":"https:\/\/www.visitvarmland.com\/corporate\/wp-json\/wp\/v2\/users\/2"}],"wp:attachment":[{"href":"https:\/\/www.visitvarmland.com\/corporate\/wp-json\/wp\/v2\/media?parent=1475"}],"curies":[{"name":"wp","href":"https:\/\/api.w.org\/{rel}","templated":true}]}}