{"id":1484,"date":"2022-03-04T14:09:38","date_gmt":"2022-03-04T13:09:38","guid":{"rendered":"https:\/\/www.visitvarmland.com\/corporate\/?post_type=news&#038;p=1484"},"modified":"2024-06-03T17:47:07","modified_gmt":"2024-06-03T15:47:07","slug":"visit-varmland-tar-over-samordningsansvaret-for-biking-varmland","status":"publish","type":"news","link":"https:\/\/www.visitvarmland.com\/corporate\/nyheter\/visit-varmland-tar-over-samordningsansvaret-for-biking-varmland\/","title":{"rendered":"Visit V\u00e4rmland tar \u00f6ver samordningsansvaret f\u00f6r Biking V\u00e4rmland"},"content":{"rendered":"\n<p><strong>Till kommande cykels\u00e4song finns totalt 96 mil kvalitetss\u00e4krade mountainbikeleder i V\u00e4rmland, genom projektet Biking V\u00e4rmland. I slutet av f\u00f6rra \u00e5ret blev de sista lederna klara och godk\u00e4nda. Projektet som nu avslutas kommer att drivas vidare som kvalitetss\u00e4kringssystem och samordnas av Visit V\u00e4rmland.<\/strong><\/p>\n\n\n\n<p>En grund \u00e4r lagd f\u00f6r fortsatt utveckling av V\u00e4rmland som en cykeldestination genom Biking V\u00e4rmland-systemet som tagits fram i samverkan mellan ideella f\u00f6reningar och kommuner. Syftet med projektet var att tillsammans med kommunerna st\u00e4rka V\u00e4rmland som en h\u00e5llbar cykeldestination och nu p\u00e5g\u00e5r fortsatt arbete p\u00e5 flera h\u00e5ll f\u00f6r att anl\u00e4gga ytterligare leder som skall anslutas till systemet Biking V\u00e4rmland.<\/p>\n\n\n\n<p>\u2013 Vi ser fram emot att forts\u00e4tta utveckla Biking V\u00e4rmland-systemet&nbsp;tillsammans med alla kommuner och \u00f6vriga akt\u00f6rer.&nbsp;Vi kommer nu att f\u00f6rvalta systemet och forts\u00e4tta att vidareutveckla V\u00e4rmland som h\u00e5llbar cykeldestination. Utvecklingen av kvalitetss\u00e4kringssystemet m\u00f6jliggjordes genom projektet och har resulterat i ett strukturerat s\u00e4tt att arbeta vidare med MTB-leder i regionen. Lederna \u00e4r en v\u00e4rdefull tillg\u00e5ng i Visit V\u00e4rmlands aff\u00e4rsutveckling och marknadsf\u00f6ring, s\u00e4ger Andreas Norum, projektledare p\u00e5 Visit V\u00e4rmland.&nbsp;&nbsp;<\/p>\n\n\n\n<p>Genom projektet skapades 96 mil mountainbikeleder som finns i 8 av l\u00e4nets kommuner och sammanlagt finns \u00f6ver 60 leder som utg\u00e5r fr\u00e5n 20 startplatser med informationstavlor om lederna. En viktig utveckling f\u00f6r V\u00e4rmland som nu kan erbjuda ett brett och attraktivt utbud av h\u00e5llbara och kvalitetss\u00e4krade MTB-leder. Filipstads kommun har varit projekt\u00e4gare f\u00f6r det regionala projektet som nu avslutas och kvalitetss\u00e4kringssystemet kommer att f\u00f6rvaltas&nbsp;av Visit V\u00e4rmland.<\/p>\n\n\n\n<p>\u2013 En viktig del i projektet var att skapa ett system f\u00f6r l\u00e5ngsiktigt h\u00e5llbara och kvalitetss\u00e4krade mountainbikeleder d\u00e4r det ska vara enkelt f\u00f6r bes\u00f6kare att hitta leder som h\u00e5ller god niv\u00e5, \u00e4r v\u00e4lsk\u00f6tta, markerade och graderade efter olika sv\u00e5righetsniv\u00e5er. Vi \u00e4r otroligt n\u00f6jda med resultatet och ser fram emot att systemet blir en standard f\u00f6r utvecklingen av kvalitetss\u00e4krade leder som lever vidare via Visit V\u00e4rmland, s\u00e4ger Mattias Dahlman projektledare Biking V\u00e4rmland.<\/p>\n\n\n\n<p>Projektet har p\u00e5g\u00e5tt sedan h\u00f6sten 2018 fram till nu med m\u00e5let att skapa ett gemensamt system f\u00f6r mountainbikeleder i V\u00e4rmland vilket inneb\u00e4r gemensam skyltning, information och sv\u00e5righetsgradering, avtal med mark\u00e4gare, plan f\u00f6r sk\u00f6tsel och organisation. Lederna blir d\u00e4rmed l\u00e5ngsiktigt h\u00e5llbara och m\u00f6jligg\u00f6r gemensam marknadsf\u00f6ring. Projektet genomf\u00f6rdes som en insats f\u00f6r att f\u00f6rb\u00e4ttra bes\u00f6ksn\u00e4ringsf\u00f6retagens f\u00f6ruts\u00e4ttningar att utveckla cykelturism i V\u00e4rmland och f\u00f6r att f\u00f6rb\u00e4ttra allm\u00e4nhetens f\u00f6ruts\u00e4ttningar f\u00f6r ett aktivt fritids- och friluftsliv genom cykling.<\/p>\n\n\n\n<p><strong>Projektet har&nbsp;finansierats av<br><\/strong>L\u00e4nstyrelsen (Landsbygdsprogrammet, EU:s landsbygdsfond), Region V\u00e4rmland, kommunerna Torsby, Hagfors, Eda, Arvika (Arvika CK), Sunne, Filipstad (CK Filipstad), \u00c5rj\u00e4ng, S\u00e4ffle, Kils, Karlstad (OK Tyr), Kristinehamn (Kristinehamns CK), samt Sparbanksstiftelsen ALFA, Westra Wermlands sparbank och Fryksdalens sparbank.<\/p>\n\n\n\n<p><strong>F\u00f6r mer information, kontakta:<\/strong><br>Mattias Dahlman, projektledare Biking V\u00e4rmland, tel 070 663 70 30.<br>Andreas Norum, projektledare Visit V\u00e4rmland, andreas.norum@visitvarmland.com, tel 054 776 60 06.<\/p>\n\n\n\n<div class=\"wp-block-atheme-component-action-button atheme-wrapper--action-button-single\"><a href=\"https:\/\/www.mynewsdesk.com\/se\/visitvarmland\/pressreleases\/visit-vaermland-tar-oever-samordningsansvaret-foer-biking-vaermland-3165411\" target=\"_self\" class=\"a-action a-action--arrow\" rel=\"noopener\"><span>Till Pressmeddelandet<\/span><\/a><\/div>\n","protected":false},"author":3,"featured_media":0,"template":"","class_list":["post-1484","news","type-news","status-publish","hentry"],"acf":[],"lang":"sv","translations":{"sv":1484},"pll_sync_post":[],"_links":{"self":[{"href":"https:\/\/www.visitvarmland.com\/corporate\/wp-json\/wp\/v2\/news\/1484","targetHints":{"allow":["GET"]}}],"collection":[{"href":"https:\/\/www.visitvarmland.com\/corporate\/wp-json\/wp\/v2\/news"}],"about":[{"href":"https:\/\/www.visitvarmland.com\/corporate\/wp-json\/wp\/v2\/types\/news"}],"author":[{"embeddable":true,"href":"https:\/\/www.visitvarmland.com\/corporate\/wp-json\/wp\/v2\/users\/3"}],"wp:attachment":[{"href":"https:\/\/www.visitvarmland.com\/corporate\/wp-json\/wp\/v2\/media?parent=1484"}],"curies":[{"name":"wp","href":"https:\/\/api.w.org\/{rel}","templated":true}]}}