{"id":1632,"date":"2022-03-22T16:34:44","date_gmt":"2022-03-22T15:34:44","guid":{"rendered":"https:\/\/www.visitvarmland.com\/corporate\/?post_type=news&#038;p=1632"},"modified":"2024-06-03T17:47:07","modified_gmt":"2024-06-03T15:47:07","slug":"sverige-toppar-global-undersokning-over-varldens-mest-hallbara-destinationer","status":"publish","type":"news","link":"https:\/\/www.visitvarmland.com\/corporate\/nyheter\/sverige-toppar-global-undersokning-over-varldens-mest-hallbara-destinationer\/","title":{"rendered":"Sverige toppar global unders\u00f6kning \u00f6ver v\u00e4rldens mest h\u00e5llbara destinationer"},"content":{"rendered":"\n<p>F\u00f6r andra \u00e5ret i rad \u00e4r Sverige nummer ett i v\u00e4rlden n\u00e4r det kommer till hur h\u00e5llbara v\u00e4rldens resen\u00e4rer uppfattar destinationer och l\u00e4nder. Det som lyfts fram som framg\u00e5ngsfaktorer i unders\u00f6kningen \u00e4r f\u00f6rst och fr\u00e4mst \u00e4r den svenska bes\u00f6ksn\u00e4ringens f\u00f6rtj\u00e4nst: Sveriges gr\u00f6na och eco-chica reseupplevelser. Annat \u00e4r Sveriges skogar, sj\u00f6ar, arktiska \u00e4ventyr, m\u00e5ltidsupplevelser i form av sj\u00e4lvplock av b\u00e4r, frukt och svamp (foraging ingredients), den samiska kulturen, ostrosafaris, norrsken och flottf\u00e4rder (timber rafting).<\/p>\n\n\n\n<p><a href=\"https:\/\/www.mynewsdesk.com\/se\/visitsweden\/pressreleases\/sverige-toppar-global-undersoekning-oever-vaerldens-mest-haallbara-destinationer-3170436\" target=\"_blank\" rel=\"noopener\">L\u00e4s Visit Swedens pressmeddelande<\/a><\/p>\n","protected":false},"author":2,"featured_media":0,"template":"","class_list":["post-1632","news","type-news","status-publish","hentry"],"acf":[],"lang":"sv","translations":{"sv":1632},"pll_sync_post":[],"_links":{"self":[{"href":"https:\/\/www.visitvarmland.com\/corporate\/wp-json\/wp\/v2\/news\/1632","targetHints":{"allow":["GET"]}}],"collection":[{"href":"https:\/\/www.visitvarmland.com\/corporate\/wp-json\/wp\/v2\/news"}],"about":[{"href":"https:\/\/www.visitvarmland.com\/corporate\/wp-json\/wp\/v2\/types\/news"}],"author":[{"embeddable":true,"href":"https:\/\/www.visitvarmland.com\/corporate\/wp-json\/wp\/v2\/users\/2"}],"wp:attachment":[{"href":"https:\/\/www.visitvarmland.com\/corporate\/wp-json\/wp\/v2\/media?parent=1632"}],"curies":[{"name":"wp","href":"https:\/\/api.w.org\/{rel}","templated":true}]}}