{"id":1762,"date":"2022-04-01T10:47:52","date_gmt":"2022-04-01T08:47:52","guid":{"rendered":"https:\/\/www.visitvarmland.com\/corporate\/?post_type=news&#038;p=1762"},"modified":"2024-06-03T17:47:07","modified_gmt":"2024-06-03T15:47:07","slug":"ordinarie-korttidsstod-ansoks-hos-skatteverket","status":"publish","type":"news","link":"https:\/\/www.visitvarmland.com\/corporate\/nyheter\/ordinarie-korttidsstod-ansoks-hos-skatteverket\/","title":{"rendered":"Ordinarie korttidsst\u00f6d ans\u00f6ks hos Skatteverket"},"content":{"rendered":"\n<p>Fr\u00e5n och med idag 1 april ska den som vill ans\u00f6ka om ordinarie st\u00f6d f\u00f6r korttidsarbete g\u00f6ra det hos Skatteverket. Sista dag att g\u00f6ra ans\u00f6kan hos Tillv\u00e4xtverket var den 31 mars.<\/p>\n\n\n\n<p>Villkor f\u00f6r ans\u00f6kan hos Skatteverket skiljer sig fr\u00e5n villkoren Tillv\u00e4xtverket haft. N\u00e5gra \u00e4ndringar f\u00f6r ordinarie korttidsst\u00f6d hos Skatteverket:&nbsp;<\/p>\n\n\n\n<ul class=\"wp-block-list\"><li>Ingen karens f\u00f6r f\u00f6retag som blivit godk\u00e4nda f\u00f6r det tillf\u00e4lliga korttidsst\u00f6det under 2020. Karensregeln som funnit hos Tillv\u00e4xtverket f\u00f6rsvinner allts\u00e5.&nbsp;<\/li><li>St\u00f6det g\u00e5r att s\u00f6ka retroaktivt fr\u00e5n och med 1 december 2021.&nbsp;<\/li><\/ul>\n\n\n\n<p><a href=\"https:\/\/postman.mynewsdesk.com\/ls\/click?upn=UTJtAJtLb0PO5ulvNdQq0RzFyxjUMdRq7jtaPJmVuzufKd96mcfXbnxnRq0a7tf5HWigT5BTkyQ34jF6vms7pVz-2BFWiO53f5gMXe0NejBoiiXTrkaAvVvEDBGK6oZBzfYN0iNEf8WotR545n0Tm0-2B5Irkc1h4pczGIZdfzJlIvLF7Be94X19pWk2mTvJ51ql2vwjdxIk7321YlZ9ir-2FbcA-3D-3DYmJI_bPJQ-2BOCb3aW1T83x2gM7vsm6gNIZlaNuIqJGwKWwYXYGWDMhAlKZVufzOSXfzVAQjxH0Vde9MB-2Bpj5aZmPV4NB4ZurZQSHWxW7rTDw-2Fj4-2B1eQvag-2BhO0wuvZjpVXcciQX8vbQofnnTjzH4Ecn73MVloHmRAJihwQuc9WUMXYTEfJSPbs-2FJCDUMzORZ6jrPyqGsg65JJOZN8waKJG6jUMqzOl7IWuiugSEII8BLmYC5F4A-2B9FBQpk7sRZ-2BSAytl5P4ZEExw-2FUBLHuObk7aLhE7VgJEqD6UQdoQ3JcmuKSGYYNILGZ7SuzOsu2Mbta27UCzNow50V2-2FJBR01ZmeMPuOqNKulzQEvEh7v6o1RpIBQ3Z96sE0gW4DGK0hZhiMl6LtmjZEUVDjdOw5lzefoMz0uwM1ySmX8qGraSpjomcPiUW2nn2G-2B1obGcYynhvysdx\" target=\"_blank\" rel=\"noopener\">L\u00e4s hela Skatteverkets pressmeddelande<\/a><\/p>\n","protected":false},"author":2,"featured_media":0,"template":"","class_list":["post-1762","news","type-news","status-publish","hentry"],"acf":[],"lang":"sv","translations":{"sv":1762},"pll_sync_post":[],"_links":{"self":[{"href":"https:\/\/www.visitvarmland.com\/corporate\/wp-json\/wp\/v2\/news\/1762","targetHints":{"allow":["GET"]}}],"collection":[{"href":"https:\/\/www.visitvarmland.com\/corporate\/wp-json\/wp\/v2\/news"}],"about":[{"href":"https:\/\/www.visitvarmland.com\/corporate\/wp-json\/wp\/v2\/types\/news"}],"author":[{"embeddable":true,"href":"https:\/\/www.visitvarmland.com\/corporate\/wp-json\/wp\/v2\/users\/2"}],"wp:attachment":[{"href":"https:\/\/www.visitvarmland.com\/corporate\/wp-json\/wp\/v2\/media?parent=1762"}],"curies":[{"name":"wp","href":"https:\/\/api.w.org\/{rel}","templated":true}]}}