{"id":1771,"date":"2022-04-07T11:50:28","date_gmt":"2022-04-07T09:50:28","guid":{"rendered":"https:\/\/www.visitvarmland.com\/corporate\/?post_type=news&#038;p=1771"},"modified":"2024-06-03T17:47:07","modified_gmt":"2024-06-03T15:47:07","slug":"vagabonds-resebarometer-2022","status":"publish","type":"news","link":"https:\/\/www.visitvarmland.com\/corporate\/nyheter\/vagabonds-resebarometer-2022\/","title":{"rendered":"Vagabonds resebarometer 2022"},"content":{"rendered":"\n<p>I Vagabonds nya resebarometer kan vi ser att det \u00e4r l\u00e5ngt kvar innan vi reser som vi gjorde innan viruset slog till.<\/p>\n\n\n\n<h2 class=\"wp-block-heading\">PANDEMINS OCH KRIGETS EFFEKT P\u00c5 RESANDET<\/h2>\n\n\n\n<p>P\u00e5 kort sikt:<\/p>\n\n\n\n<ul class=\"wp-block-list\"><li>Fler resor till resm\u00e5l som upplevs som s\u00e4kra<\/li><li>Fler resor v\u00e4sterut.<\/li><li>F\u00e4rre resor till Asien och \u00f6stra Europa.<\/li><li>Fler reser till v\u00e4st- och sydeuropeiska l\u00e4nder<\/li><li>Kanske ocks\u00e5 till Nordamerika.<\/li><li>Mer Svemester.<\/li><\/ul>\n\n\n\n<p>P\u00e5 l\u00e5ng sikt:<\/p>\n\n\n\n<ul class=\"wp-block-list\"><li>Kriser gl\u00f6ms bort, utlandsresandet \u00e5terg\u00e5r till att se ut som f\u00f6re pandemin.<\/li><li>\u00d6kat milj\u00f6medvetandet.<\/li><li>F\u00e4rre flygresor, fler t\u00e5gresor som effekt av \u00f6kat milj\u00f6medvetande och nya internationella t\u00e5glinjer.<\/li><li>F\u00e4rre resor till \u00f6verturistifierade hotspots. G\u00e4ller b\u00e5de Barcelona och Kebnekaise.<\/li><li>Fortsatt \u00f6kat intresse f\u00f6r aktiviteter i naturen.<\/li><\/ul>\n\n\n\n<div class=\"wp-block-atheme-component-action-button atheme-wrapper--action-button-single\"><a href=\"https:\/\/www.mynewsdesk.com\/se\/egmont-publishing\/pressreleases\/vagabonds-resebarometer-2022-svenska-folkets-resvanor-3173860?utm_campaign=Alert&amp;utm_source=alert&amp;utm_medium=email\" target=\"_blank\" class=\"a-action a-action--arrow\" rel=\"noopener\"><span>L\u00e4s mer<\/span><\/a><\/div>\n","protected":false},"author":2,"featured_media":0,"template":"","class_list":["post-1771","news","type-news","status-publish","hentry"],"acf":[],"lang":"sv","translations":{"sv":1771},"pll_sync_post":[],"_links":{"self":[{"href":"https:\/\/www.visitvarmland.com\/corporate\/wp-json\/wp\/v2\/news\/1771","targetHints":{"allow":["GET"]}}],"collection":[{"href":"https:\/\/www.visitvarmland.com\/corporate\/wp-json\/wp\/v2\/news"}],"about":[{"href":"https:\/\/www.visitvarmland.com\/corporate\/wp-json\/wp\/v2\/types\/news"}],"author":[{"embeddable":true,"href":"https:\/\/www.visitvarmland.com\/corporate\/wp-json\/wp\/v2\/users\/2"}],"wp:attachment":[{"href":"https:\/\/www.visitvarmland.com\/corporate\/wp-json\/wp\/v2\/media?parent=1771"}],"curies":[{"name":"wp","href":"https:\/\/api.w.org\/{rel}","templated":true}]}}