{"id":1778,"date":"2022-04-13T09:28:11","date_gmt":"2022-04-13T07:28:11","guid":{"rendered":"https:\/\/www.visitvarmland.com\/corporate\/?post_type=news&#038;p=1778"},"modified":"2024-06-03T17:47:07","modified_gmt":"2024-06-03T15:47:07","slug":"jobs-in-varmland-sweden-for-refugees-from-ukraine","status":"publish","type":"news","link":"https:\/\/www.visitvarmland.com\/corporate\/nyheter\/jobs-in-varmland-sweden-for-refugees-from-ukraine\/","title":{"rendered":"Jobs in V\u00e4rmland, Sweden, for refugees from Ukraine"},"content":{"rendered":"\n<p>Flyktingar fr\u00e5n krigets Ukraina kan nu ta del av lediga jobb i V\u00e4rmland. Satsningen \u00e4r ett gemensamt initiativ av Compare, IUC St\u00e5l &amp; Verkstad, Region V\u00e4rmland och Visit V\u00e4rmland.<\/p>\n\n\n\n<p>Flyktingar fr\u00e5n krigets Ukraina kan nu ta del av lediga jobb, praktikerbjudande eller liknande initiativ i V\u00e4rmland.Det finns en grupp p\u00e5 Facebook och p\u00e5 LinkedIn f\u00f6r personer fr\u00e5n Ukraina som s\u00f6ker jobb och f\u00f6r f\u00f6retag i V\u00e4rmland som erbjuder jobb. I grupperna kommer man inte att kunna svara p\u00e5 n\u00e5gra fr\u00e5gor ang\u00e5ende asyl eller ge n\u00e5got annat st\u00f6d som ligger utanf\u00f6r detta omr\u00e5de.<\/p>\n\n\n\n<p>All kommunikation i grupperna sker p\u00e5 engelska f\u00f6r att undvika spr\u00e5kf\u00f6rvirring. Och naturligtvis, h\u00e5ll god ton, men engagera dig g\u00e4rna!<\/p>\n\n\n\n<p><a href=\"https:\/\/www.facebook.com\/groups\/1853207651735547\" target=\"_blank\" rel=\"noreferrer noopener\">Facebookgrupp<\/a><\/p>\n\n\n\n<p><a href=\"https:\/\/www.linkedin.com\/groups\/14079020\/\" target=\"_blank\" rel=\"noreferrer noopener\">LinkedIn<\/a><\/p>\n\n\n\n<p><a href=\"https:\/\/www.compare.se\/nyhet\/varmlandska-foretag-synliggor-jobb-for-flyktingar-fran-ukraina\/\" target=\"_blank\" rel=\"noreferrer noopener\">L\u00e4s mer h\u00e4r<\/a><\/p>\n","protected":false},"author":2,"featured_media":0,"template":"","class_list":["post-1778","news","type-news","status-publish","hentry"],"acf":[],"lang":"sv","translations":{"sv":1778},"pll_sync_post":[],"_links":{"self":[{"href":"https:\/\/www.visitvarmland.com\/corporate\/wp-json\/wp\/v2\/news\/1778","targetHints":{"allow":["GET"]}}],"collection":[{"href":"https:\/\/www.visitvarmland.com\/corporate\/wp-json\/wp\/v2\/news"}],"about":[{"href":"https:\/\/www.visitvarmland.com\/corporate\/wp-json\/wp\/v2\/types\/news"}],"author":[{"embeddable":true,"href":"https:\/\/www.visitvarmland.com\/corporate\/wp-json\/wp\/v2\/users\/2"}],"wp:attachment":[{"href":"https:\/\/www.visitvarmland.com\/corporate\/wp-json\/wp\/v2\/media?parent=1778"}],"curies":[{"name":"wp","href":"https:\/\/api.w.org\/{rel}","templated":true}]}}