{"id":1845,"date":"2022-04-29T15:03:11","date_gmt":"2022-04-29T13:03:11","guid":{"rendered":"https:\/\/www.visitvarmland.com\/corporate\/?post_type=news&#038;p=1845"},"modified":"2024-06-03T17:47:07","modified_gmt":"2024-06-03T15:47:07","slug":"uppdaterad-malgruppsinformation-fran-visit-sweden","status":"publish","type":"news","link":"https:\/\/www.visitvarmland.com\/corporate\/nyheter\/uppdaterad-malgruppsinformation-fran-visit-sweden\/","title":{"rendered":"Uppdaterad m\u00e5lgruppsinformation fr\u00e5n Visit Sweden"},"content":{"rendered":"\n<h2 class=\"wp-block-heading\">Film och rapport om den nordiska m\u00e5lgruppen\/resen\u00e4ren<\/h2>\n\n\n\n<p>Nu finns aktuella m\u00e5lgruppsdata om resen\u00e4rerna fr\u00e5n Danmark, Norge och Finland b\u00e5de i en film och rapportform.&nbsp;<a href=\"https:\/\/visitsweden.us4.list-manage.com\/track\/click?u=785b5415ac9834dee3de60d0b&amp;id=772f4053dd&amp;e=c7b48d24bf\" target=\"_blank\" rel=\"noopener\">Ta del av filmen och rapporten h\u00e4r.<\/a><\/p>\n\n\n\n<h2 class=\"wp-block-heading\">Film och uppdaterad information om de internationella m\u00e5lgrupperna\/resen\u00e4rerna<\/h2>\n\n\n\n<p>Aktuell m\u00e5lgruppsdata om resen\u00e4rerna fr\u00e5n Tyskland, Nederl\u00e4nderna, Storbritannien, Frankrike och USA b\u00e5de i en film och som fakta p\u00e5 Visit Swedens kunskapsbank.&nbsp;<a href=\"https:\/\/corporate.visitsweden.com\/kunskap\/utlandsmarknader\/\" target=\"_blank\" rel=\"noopener\">Ta del av filmen och fakta under respektive utlandsmarknad h\u00e4r.&nbsp;<\/a><\/p>\n\n\n\n<h2 class=\"wp-block-heading\">Temperaturm\u00e4tningen om svenskars resande &#8211; mars&nbsp;<\/h2>\n\n\n\n<p>I mars m\u00e5nads temperaturm\u00e4tning ser Visit Sweden att 38% av svenskarna i unders\u00f6kningen planerar resa i Sverige och 55% planerar resa utomlands. Fr\u00e5n och med mars fr\u00e5gar de \u00e4ven om Rysslands invasion av Ukraina p\u00e5verkar svenskars rese-, och bokningsbeteende. \u00c4n s\u00e5 l\u00e4nge har det inte p\u00e5verkat planeringen av det inhemska resandet utan mer h\u00e4mmat planeringen kring utlandsresor.&nbsp;<a href=\"https:\/\/corporate.visitsweden.com\/kunskap\/malgrupp\/hur-tanker-svenska-resenarer-om-sitt-resande-nu-mars-2022\/\" target=\"_blank\" rel=\"noopener\">Ta del av temperaturm\u00e4tningen h\u00e4r.&nbsp;<\/a><\/p>\n\n\n\n<h2 class=\"wp-block-heading\">Semester p\u00e5 hemmaplan? Hur locka personer med utl\u00e4ndsk bakgrund<\/h2>\n\n\n\n<p>Vilka resvanor har personer med utl\u00e4ndsk bakgrund och hur kan vi inspirera till mer turismkonsumtion i Sverige? Tre forskare fr\u00e5n Lunds Universitet har f\u00f6rdjupat sig i fr\u00e5gan och presenterar sina insikter, slutsatser och rekommendationer i en rapport.\u00a0<a href=\"https:\/\/corporate.visitsweden.com\/kunskap\/sverige\/semester-pa-hemmaplan\/\" target=\"_blank\" rel=\"noopener\">Ta del av insikterna h\u00e4r<\/a>.<\/p>\n\n\n\n<h2 class=\"wp-block-heading\"><strong>Digital marknadsf\u00f6ring och distribution &#8211; efter pandemin&nbsp;<\/strong><\/h2>\n\n\n\n<p>Pandemi\u00e5ren var tuffa f\u00f6r bes\u00f6ksn\u00e4ringen generellt och speciellt f\u00f6r aktivitetsf\u00f6retagen. Den stora fr\u00e5gan inf\u00f6r 2022\/23 \u00e4r hur stort kundunderlaget \u00e4r och hur f\u00f6retagen ska rikta sin marknadskommunikation f\u00f6r att n\u00e5 dem och i vilka kanaler detta ska ske. I fyra artiklar har vi f\u00e5ngat det viktigaste att ha koll p\u00e5, i den digitala marknadsf\u00f6ringen, efter pandemin.&nbsp;<\/p>\n\n\n\n<p>Artikel 1:\u00a0<a rel=\"noreferrer noopener\" href=\"https:\/\/visitsweden.us4.list-manage.com\/track\/click?u=785b5415ac9834dee3de60d0b&amp;id=3bddb0843e&amp;e=c7b48d24bf\" target=\"_blank\">Vad som h\u00e4nt med kundbeteendet efter pandemin.<\/a><br>Artikel 2:\u00a0<a rel=\"noreferrer noopener\" href=\"https:\/\/visitsweden.us4.list-manage.com\/track\/click?u=785b5415ac9834dee3de60d0b&amp;id=12558c63f4&amp;e=c7b48d24bf\" target=\"_blank\">6 tips f\u00f6r att lyckas p\u00e5 Google.<\/a><br>Artikel 3:\u00a0<a rel=\"noreferrer noopener\" href=\"https:\/\/visitsweden.us4.list-manage.com\/track\/click?u=785b5415ac9834dee3de60d0b&amp;id=03dcc61145&amp;e=c7b48d24bf\" target=\"_blank\">Omd\u00f6messidor och dess effekt p\u00e5 marknadsf\u00f6ringen.<\/a><br>Artikel 4:\u00a0<a rel=\"noreferrer noopener\" href=\"https:\/\/visitsweden.us4.list-manage.com\/track\/click?u=785b5415ac9834dee3de60d0b&amp;id=9f2907250c&amp;e=c7b48d24bf\" target=\"_blank\">6 tips f\u00f6r att lyckas med att marknadsf\u00f6ra i sociala medier.<\/a><\/p>\n\n\n\n<h2 class=\"wp-block-heading\"><strong>Internationella researrang\u00f6rsledet: En kanal med potential&nbsp;<\/strong><\/h2>\n\n\n\n<p>Researrang\u00f6rer och agenter har under pandemin tvingats till nya arbetss\u00e4tt, marknader och m\u00e5lgrupper f\u00f6r att \u00f6verleva. De nya spelreglerna har bidragit till att landskapet f\u00f6r det internationella researrang\u00f6rsledet har f\u00f6r\u00e4ndrats. Mot bakgrund av detta s\u00e5g vi p\u00e5 Visit Sweden ett behov av en omfattande kartl\u00e4ggning av detta researrang\u00f6rsled, med syfte att hj\u00e4lpa den svenska bes\u00f6ksn\u00e4ringen att b\u00e4ttre kunna kommunicera sina m\u00f6jligheter och sin attraktivitet ut till omv\u00e4rlden.&nbsp;<\/p>\n\n\n\n<p><a rel=\"noreferrer noopener\" href=\"https:\/\/visitsweden.us4.list-manage.com\/track\/click?u=785b5415ac9834dee3de60d0b&amp;id=5fe7050418&amp;e=c7b48d24bf\" target=\"_blank\">L\u00e4s artiklarna om det internationella researrang\u00f6rsledet efter pandemin och ladda ner rapporten.<\/a><\/p>\n\n\n\n<h2 class=\"wp-block-heading\"><strong>Internationella researrang\u00f6rsledet: Det h\u00e5llbara resm\u00e5let Sverige\u00a0<\/strong><\/h2>\n\n\n\n<p>H\u00e5llbarhet \u00e4r en megatrend i vardande inom bes\u00f6ksn\u00e4ringen och Sverige som land och resm\u00e5l ligger bevisligen l\u00e5ngt fram p\u00e5 omr\u00e5det. S\u00e5 hur f\u00f6rvaltar vi alla akt\u00f6rer, som arbetar i och f\u00f6r bes\u00f6ksn\u00e4ringen, detta p\u00e5 b\u00e4sta s\u00e4tt f\u00f6r framtiden? H\u00e4r v\u00e4nder vi blicken ut\u00e5t, mot det internationella researrang\u00f6rsledet f\u00f6r att b\u00e4ttre f\u00f6rst\u00e5 marknadsv\u00e4rdet p\u00e5 h\u00e5llbart resande idag och i framtiden.\u00a0\u00a0<\/p>\n\n\n\n<p><a rel=\"noreferrer noopener\" href=\"https:\/\/visitsweden.us4.list-manage.com\/track\/click?u=785b5415ac9834dee3de60d0b&amp;id=2173e6c225&amp;e=c7b48d24bf\" target=\"_blank\">L\u00e4s artiklarna om h\u00e5llbart resande idag och i framtiden och ladda ner rapporten.<\/a><\/p>\n\n\n\n<h2 class=\"wp-block-heading\"><strong>Inspelad webbs\u00e4ndning av \u201dSteg f\u00f6r steg-guiden\u201d inom m\u00e5ltidsturism<\/strong><\/h2>\n\n\n\n<p>I slutet av 2021 lanserade Visit Swedens M\u00e5ltidsturismprogram \u201dSteg f\u00f6r steg-guiden\u201d. Syftet med guiden \u00e4r att inspirera och hj\u00e4lpa f\u00f6retagare att utvecklas inom m\u00e5ltidsturism. Sedan tidigare finns guiden i tre olika format; som korta webbartiklar med ljudsp\u00e5r, nedladdningsbar pdf eller som ljudlista p\u00e5 Spotify. Nu har vi \u00e4ven tagit fram en inspelad webbs\u00e4ndning, som under en timme g\u00e5r igenom de tre stegen; l\u00e4r k\u00e4nna m\u00e5lgruppen, produktutveckla f\u00f6r m\u00e5lgruppen, marknadsf\u00f6r i r\u00e4tt kanaler.\u00a0\u00a0<\/p>\n\n\n\n<p><a rel=\"noreferrer noopener\" href=\"https:\/\/visitsweden.us4.list-manage.com\/track\/click?u=785b5415ac9834dee3de60d0b&amp;id=b56bb7b299&amp;e=c7b48d24bf\" target=\"_blank\">Ta del av guiden och den inspelade webbs\u00e4ndningen h\u00e4r.<\/a><br><br>Anv\u00e4nd och visa g\u00e4rna webbs\u00e4ndningen i sammanhang d\u00e4r ni m\u00f6ter f\u00f6retag som ni tror skulle ha nytta av kunskapen.\u00a0\u00a0<\/p>\n\n\n\n<p><a href=\"https:\/\/mailchi.mp\/visitsweden\/nyhetsbrev-april?e=c7b48d24bf\" target=\"_blank\" rel=\"noopener\">L\u00e4s hela nyhetsbrevet fr\u00e5n Visit Sweden<\/a><\/p>\n","protected":false},"author":2,"featured_media":0,"template":"","class_list":["post-1845","news","type-news","status-publish","hentry"],"acf":[],"lang":"sv","translations":{"sv":1845},"pll_sync_post":[],"_links":{"self":[{"href":"https:\/\/www.visitvarmland.com\/corporate\/wp-json\/wp\/v2\/news\/1845","targetHints":{"allow":["GET"]}}],"collection":[{"href":"https:\/\/www.visitvarmland.com\/corporate\/wp-json\/wp\/v2\/news"}],"about":[{"href":"https:\/\/www.visitvarmland.com\/corporate\/wp-json\/wp\/v2\/types\/news"}],"author":[{"embeddable":true,"href":"https:\/\/www.visitvarmland.com\/corporate\/wp-json\/wp\/v2\/users\/2"}],"wp:attachment":[{"href":"https:\/\/www.visitvarmland.com\/corporate\/wp-json\/wp\/v2\/media?parent=1845"}],"curies":[{"name":"wp","href":"https:\/\/api.w.org\/{rel}","templated":true}]}}