{"id":2036,"date":"2022-05-30T13:08:14","date_gmt":"2022-05-30T11:08:14","guid":{"rendered":"https:\/\/www.visitvarmland.com\/corporate\/?post_type=news&#038;p=2036"},"modified":"2024-06-03T17:47:06","modified_gmt":"2024-06-03T15:47:06","slug":"ta-med-cykeln-pa-bussen-till-vanerleden-i-sommar","status":"publish","type":"news","link":"https:\/\/www.visitvarmland.com\/corporate\/nyheter\/ta-med-cykeln-pa-bussen-till-vanerleden-i-sommar\/","title":{"rendered":"Ta med cykeln p\u00e5 bussen till V\u00e4nerleden i sommar"},"content":{"rendered":"\n<p><strong>Ska du cykla Unionsleden, V\u00e4nerleden eller Klar\u00e4lvsbanan i sommar? D\u00e5 kan du ta bussen dit eller hem eller en bit p\u00e5 v\u00e4gen! Genom ett gemensamt pilotprojekt mellan Region V\u00e4rmland, Visit V\u00e4rmland och Nobina \u00e4r det nu n\u00e4mligen m\u00f6jligt att boka cykelplats p\u00e5 bussen.<\/strong><\/p>\n\n\n\n<p>Satsningen p\u00e5 cykelplatser p\u00e5 bussen startade sommaren 2021 med syftet att \u00f6ka m\u00f6jligheterna f\u00f6r cykelturister att uppleva Klar\u00e4lvsbanan och samtidigt resa h\u00e5llbart och klimatsmart. I \u00e5r v\u00e4xlar pilotprojektet upp rej\u00e4lt med fler str\u00e4ckor, avg\u00e5ngar och cykelst\u00e4ll.<\/p>\n\n\n\n<p>Mellan den 13 juni och 14 augusti g\u00e5r det att ta med cykeln p\u00e5 bussen p\u00e5 ett stort antal av de bussavg\u00e5ngar som passerar Klar\u00e4lvsleden, Unionsleden och nu \u00e4ven V\u00e4nerleden.<\/p>\n\n\n\n<p>\u2014&nbsp;Det k\u00e4nns extra kul att vi nu kan erbjuda anslutningar till V\u00e4rmlands allra nyaste led, V\u00e4nerleden. Vi har arbetat h\u00e5rt tillsammans med Region V\u00e4rmland och Nobina f\u00f6r att f\u00e5 till anslutning med buss innan invigningen av Sveriges 6:e nationella cykelled nu p\u00e5 fredag och vi tror att m\u00e5nga kommer att vilja testa p\u00e5 den i sommar, s\u00e4ger Niclas Wikman, projektledare p\u00e5 Visit V\u00e4rmland.<\/p>\n\n\n\n<p><strong>Bokningen \u00f6ppnar idag<br><\/strong>Cykelplatsen bokas kostnadsfritt via cykelbokning.varmlandstrafik.se fr\u00e5n och med idag och du kan v\u00e4lja mellan ett flertal turer p\u00e5 b\u00e5de vardagar och helger. P\u00e5 de h\u00e4r linjerna finns det bokningsbara avg\u00e5ngar:<\/p>\n\n\n\n<ul class=\"wp-block-list\"><li>505 (Kristinehamn-Gullsp\u00e5ng) tar dig till V\u00e4nerleden.<\/li><li>600 (Karlstad-V\u00e4rn\u00e4s) tar dig till Klar\u00e4lvsbanan.<\/li><li>700 (Karlstad och T\u00f6cksfors) tar dig till Unionsleden.<\/li><li>800 (Karlstad-\u00c5m\u00e5l) tar dig till V\u00e4nerleden.<\/li><\/ul>\n\n\n\n<p>Det finns plats f\u00f6r tv\u00e5 cyklar samtidigt p\u00e5 cykelst\u00e4llet och du kan lasta p\u00e5 och av din cykel p\u00e5 ett antal utvalda h\u00e5llplatser.<\/p>\n\n\n\n<p><strong>Utveckling av ett uppskattat pilotprojekt<br><\/strong>\u2014&nbsp;Fjol\u00e5rets premi\u00e4rs\u00e4song gav positiva resultat och vi fick in m\u00e5nga bra synpunkter och utvecklingsf\u00f6rslag fr\u00e5n v\u00e5ra resen\u00e4rer. M\u00e5nga efterfr\u00e5gade just fler avg\u00e5ngar och fler linjer, f\u00f6rklarar Markus Bergman som \u00e4r trafikchef regionbuss p\u00e5 Region V\u00e4rmland Kollektivtrafik.<\/p>\n\n\n\n<p><strong>Satsar p\u00e5 fritidsresande&nbsp;<br><\/strong>Att binda samman cykelturismen och kollektivtrafiken \u00e4r en av flera satsningar p\u00e5 fritidsresande som nu g\u00f6rs inom kollektivtrafiken i V\u00e4rmland.<\/p>\n\n\n\n<p>\u2014 Kollektivtrafik \u00e4r s\u00e5 mycket mer \u00e4n pendling till jobb och skola och vi beh\u00f6ver \u00e4ven arbeta med fritidsresande, turism och bes\u00f6ksn\u00e4ring f\u00f6r att st\u00e4rka V\u00e4rmlands utveckling och ge fler h\u00e5llbara resm\u00f6jligheter, s\u00e4ger Jesper Johansson (MP), kollektivtrafikn\u00e4mndens ordf\u00f6rande i Region V\u00e4rmland.<\/p>\n\n\n\n<p>\u2014&nbsp;Ett viktigt signalv\u00e4rde att vi forts\u00e4tter att utveckla ett h\u00e5llbart resande i V\u00e4rmland tillsammans med Region V\u00e4rmland och Visit V\u00e4rmland. Vi g\u00f6r det m\u00f6jligt f\u00f6r fler att uppt\u00e4cka kollektivtrafiken och v\u00e5ra fina cykelstr\u00e5k, en riktigt bra kombination, s\u00e4ger \u00c5sa Tobiasson, aff\u00e4rschef p\u00e5 Nobina Sverige AB.<\/p>\n\n\n\n<p><strong>Kontakt<br><\/strong>Niclas Wikman, Projektledare Visit V\u00e4rmland, 054-776 60 02.<br>Markus Bergman, trafikchef regionbuss, Region V\u00e4rmland, 010-832 81 72.<br>Jesper Johansson (MP), ordf\u00f6rande Kollektivtrafikn\u00e4mnden, Region V\u00e4rmland, 072-254 55 71.<\/p>\n\n\n\n<div class=\"wp-block-atheme-component-action-button atheme-wrapper--action-button-single\"><a href=\"https:\/\/www.mynewsdesk.com\/se\/_preview\/pressreleases\/3185057\" target=\"_self\" class=\"a-action a-action--extern-link\" rel=\"noopener\"><span>L\u00e4s hela pressmeddelandet h\u00e4r<\/span><\/a><\/div>\n","protected":false},"author":3,"featured_media":0,"template":"","class_list":["post-2036","news","type-news","status-publish","hentry"],"acf":[],"lang":"sv","translations":{"sv":2036},"pll_sync_post":[],"_links":{"self":[{"href":"https:\/\/www.visitvarmland.com\/corporate\/wp-json\/wp\/v2\/news\/2036","targetHints":{"allow":["GET"]}}],"collection":[{"href":"https:\/\/www.visitvarmland.com\/corporate\/wp-json\/wp\/v2\/news"}],"about":[{"href":"https:\/\/www.visitvarmland.com\/corporate\/wp-json\/wp\/v2\/types\/news"}],"author":[{"embeddable":true,"href":"https:\/\/www.visitvarmland.com\/corporate\/wp-json\/wp\/v2\/users\/3"}],"wp:attachment":[{"href":"https:\/\/www.visitvarmland.com\/corporate\/wp-json\/wp\/v2\/media?parent=2036"}],"curies":[{"name":"wp","href":"https:\/\/api.w.org\/{rel}","templated":true}]}}