{"id":2038,"date":"2022-05-30T17:03:01","date_gmt":"2022-05-30T15:03:01","guid":{"rendered":"https:\/\/www.visitvarmland.com\/corporate\/?post_type=news&#038;p=2038"},"modified":"2024-06-03T17:47:06","modified_gmt":"2024-06-03T15:47:06","slug":"tavling-skapa-en-landskapsmaltid-for-varmland","status":"publish","type":"news","link":"https:\/\/www.visitvarmland.com\/corporate\/nyheter\/tavling-skapa-en-landskapsmaltid-for-varmland\/","title":{"rendered":"T\u00e4vling \u2013 skapa en landskapsm\u00e5ltid f\u00f6r V\u00e4rmland"},"content":{"rendered":"\n<p><strong>Vi bjuder in till t\u00e4vling d\u00e4r vi s\u00f6ker efter V\u00e4rmlands nya landskapsm\u00e5ltid. Finalen sker i Residenset i augusti och den vinnande m\u00e5ltiden representerar V\u00e4rmlands landskap vid evenemanget \u201dStockholm \u2013 European Capital of Gastronomy 2023\u201d.<\/strong><\/p>\n\n\n\n<p>De t\u00e4vlande har fram till den 17 juni p\u00e5 sig att l\u00e4mna in sina f\u00f6rslag p\u00e5 r\u00e4tter p\u00e5 L\u00e4nsstyrelsens hemsida.Finalen sker i augusti d\u00e5 m\u00e5ltiden lagas i Residenset och provsmakas och bed\u00f6ms av en jury ledd av landsh\u00f6vdingen. Det vinnande bidraget representerar V\u00e4rmland p\u00e5 M\u00e5ltidens Dag i Stockholm i oktober 2022 och d\u00e4refter p\u00e5 \u201dStockholm \u2013 European Capital of Gastronomy 2023\u201d.T\u00e4vlingen arrangeras av L\u00e4nsstyrelsen V\u00e4rmland i samarbete med Visit V\u00e4rmland och Nifa.<\/p>\n\n\n\n<p><a rel=\"noreferrer noopener\" href=\"https:\/\/www.lansstyrelsen.se\/varmland\/landskapsmaltid?TSPD_101_R0=088d4528d9ab20000e1a08e32a1d01fe779804c2c54471f50927fef84f03d3a2117ad760fb003d300844d93bb314300078301f3647c69a0e60e55b5ae2875b2b1dd950820fd868774f2114c7361415c9fcce0cd8937428bea015bcc740db1f5f&amp;fbclid=IwAR0afn6Z-GUESjYQk1cAqpqRfq0DkW_xXUU_qpi6629znwxsTjfRzrVBDEQ\" target=\"_blank\">L\u00e4s mer om t\u00e4vlingen<\/a><a rel=\"noreferrer noopener\" href=\"https:\/\/www.mynewsdesk.com\/se\/lansstyrelsen-varmland\/pressreleases\/nu-ska-vaermlands-landskapsmaaltid-utses-3184135?fbclid=IwAR0PUHFZJSAywQ8NMR-gmfrApwrOhGN3rJrrAguRG5XG12qDZYg71FOVpTM\" target=\"_blank\">L\u00e4s pressmeddelandet<\/a><\/p>\n","protected":false},"author":2,"featured_media":0,"template":"","class_list":["post-2038","news","type-news","status-publish","hentry"],"acf":[],"lang":"sv","translations":{"sv":2038},"pll_sync_post":[],"_links":{"self":[{"href":"https:\/\/www.visitvarmland.com\/corporate\/wp-json\/wp\/v2\/news\/2038","targetHints":{"allow":["GET"]}}],"collection":[{"href":"https:\/\/www.visitvarmland.com\/corporate\/wp-json\/wp\/v2\/news"}],"about":[{"href":"https:\/\/www.visitvarmland.com\/corporate\/wp-json\/wp\/v2\/types\/news"}],"author":[{"embeddable":true,"href":"https:\/\/www.visitvarmland.com\/corporate\/wp-json\/wp\/v2\/users\/2"}],"wp:attachment":[{"href":"https:\/\/www.visitvarmland.com\/corporate\/wp-json\/wp\/v2\/media?parent=2038"}],"curies":[{"name":"wp","href":"https:\/\/api.w.org\/{rel}","templated":true}]}}