{"id":2083,"date":"2022-06-29T09:08:30","date_gmt":"2022-06-29T07:08:30","guid":{"rendered":"https:\/\/www.visitvarmland.com\/corporate\/?post_type=news&#038;p=2083"},"modified":"2024-06-03T17:47:06","modified_gmt":"2024-06-03T15:47:06","slug":"45-miljoner-i-sarskild-satsning-for-att-starka-kulturomradet-med-anledning-av-pandemin","status":"publish","type":"news","link":"https:\/\/www.visitvarmland.com\/corporate\/nyheter\/45-miljoner-i-sarskild-satsning-for-att-starka-kulturomradet-med-anledning-av-pandemin\/","title":{"rendered":"4,5 miljoner i s\u00e4rskild satsning f\u00f6r att st\u00e4rka kulturomr\u00e5det med anledning av pandemin"},"content":{"rendered":"\n<p>Region V\u00e4rmlands kultur- och bildningsn\u00e4mnd har tidigare under \u00e5ret beslutat att avs\u00e4tta 4,5 miljoner f\u00f6r att st\u00e4rka kulturlivet utifr\u00e5n pandemin.\u00a0Vid senaste sammantr\u00e4det beslutade n\u00e4mnden om bidragsgivningens inriktning.<\/p>\n\n\n\n<p>Fria professionella dans- och teatergrupper har tidigare pekats ut som s\u00e4rskilt drabbade under slutet av 2021 och b\u00f6rjan av 2022, genom att m\u00e5nga bokade f\u00f6rest\u00e4llningar inom skolan st\u00e4llts in. D\u00e4rut\u00f6ver har bland annat hembygdsf\u00f6reningar och samlingslokaler drabbats ekonomiskt av vikande int\u00e4kter och minskande medlemsavgifter.<\/p>\n\n\n\n<p>Den 16 juni beslutade Region V\u00e4rmlands kultur- och bildningsn\u00e4mnd att inriktningen f\u00f6r de avsatta s\u00e4rskilda medlen p\u00e5 4,5 miljoner kronor f\u00f6r \u00e5terstart och omst\u00e4llning efter pandemin ska vara f\u00f6ljande:<\/p>\n\n\n\n<ul class=\"wp-block-list\"><li>Bidrag kan s\u00f6kas f\u00f6r \u00e5terstart av arrangemang samt fram\u00e5tblickande projekt. Arrangemang ska genomf\u00f6ras under 2022. Projekt ska p\u00e5b\u00f6rjas under \u00e5ret.<\/li><li>Fria professionella dans- och teatergrupper i V\u00e4rmland kan s\u00f6ka ett s\u00e4rskilt \u00e5terstartsst\u00f6d med upp till 200 000 kronor\/grupp.<\/li><li>V\u00e4rmlands hembygdsf\u00f6rbund och SAMSAM V\u00e4rmland ges m\u00f6jlighet att s\u00f6ka \u00e5terstartsbidrag som dessa i sin tur kan f\u00f6rdela till sina medlemsf\u00f6reningar.<br><\/li><\/ul>\n\n\n\n<h3 class=\"wp-block-heading\">Ans\u00f6kan<\/h3>\n\n\n\n<p>Hanteringen och handl\u00e4ggningen av medlen samordnas med hanteringen av ordinarie bidrag till projekt och arrangemang inom kulturomr\u00e5det. Ans\u00f6kan sker genom att fylla i och skicka in blankett f\u00f6r projekt- och arrangemangsbidrag under perioden 10 augusti\u201320 september.<\/p>\n\n\n\n<p>Vid bed\u00f6mning av ans\u00f6kningarna tas h\u00e4nsyn till om s\u00f6kande organisation beviljats kris- och\/eller \u00e5terstartsst\u00f6d fr\u00e5n Kulturr\u00e5det.<\/p>\n\n\n\n<p>I \u00f6vrigt g\u00e4ller de villkor och kriterier som n\u00e4mnden beslutat om i Riktlinjer f\u00f6r bidrag inom kultur- och bildningsn\u00e4mndens ansvarsomr\u00e5de.<\/p>\n\n\n\n<p><a href=\"https:\/\/trk.idrelay.com\/2994\/clk?q=bb2-50a7-0000509e0bb20000000000000000230f-80adefa645604e6f3e3fc80824a155d1&amp;c=d977dc71a0\" target=\"_blank\" rel=\"noreferrer noopener\">L\u00e4s mer och ans\u00f6k p\u00e5 Region V\u00e4rmlands webb.<\/a><\/p>\n","protected":false},"author":2,"featured_media":0,"template":"","class_list":["post-2083","news","type-news","status-publish","hentry"],"acf":[],"lang":"sv","translations":{"sv":2083},"pll_sync_post":[],"_links":{"self":[{"href":"https:\/\/www.visitvarmland.com\/corporate\/wp-json\/wp\/v2\/news\/2083","targetHints":{"allow":["GET"]}}],"collection":[{"href":"https:\/\/www.visitvarmland.com\/corporate\/wp-json\/wp\/v2\/news"}],"about":[{"href":"https:\/\/www.visitvarmland.com\/corporate\/wp-json\/wp\/v2\/types\/news"}],"author":[{"embeddable":true,"href":"https:\/\/www.visitvarmland.com\/corporate\/wp-json\/wp\/v2\/users\/2"}],"wp:attachment":[{"href":"https:\/\/www.visitvarmland.com\/corporate\/wp-json\/wp\/v2\/media?parent=2083"}],"curies":[{"name":"wp","href":"https:\/\/api.w.org\/{rel}","templated":true}]}}