{"id":2085,"date":"2022-06-29T14:28:23","date_gmt":"2022-06-29T12:28:23","guid":{"rendered":"https:\/\/www.visitvarmland.com\/corporate\/?post_type=news&#038;p=2085"},"modified":"2024-06-03T17:47:06","modified_gmt":"2024-06-03T15:47:06","slug":"fia-smartdriving-challenge-to-holjes-rx","status":"publish","type":"news","link":"https:\/\/www.visitvarmland.com\/corporate\/nyheter\/fia-smartdriving-challenge-to-holjes-rx\/","title":{"rendered":"FIA SmartDriving Challenge to H\u00f6ljes RX"},"content":{"rendered":"\n<p>Hur kan man f\u00e5 bes\u00f6kare i V\u00e4rmland att k\u00f6ra smartare och mer h\u00e5llbart med en app? FIA SmartDriving Challenge to H\u00f6ljes RX \u00e4r en utmaning som tagits fram i samarbete mellan&nbsp;Visit V\u00e4rmland,&nbsp;<a href=\"https:\/\/www.linkedin.com\/company\/compare-holding-ab\/\" target=\"_blank\" rel=\"noopener\">Compare<\/a>,&nbsp;<a href=\"https:\/\/www.linkedin.com\/company\/torsby-kommun\/\" target=\"_blank\" rel=\"noopener\">Torsby kommun<\/a>, H\u00f6ljes RX samt FIA Smart Driving Challenge och Tina Th\u00f6rner.<\/p>\n\n\n\n<p>T\u00e4vlingen p\u00e5g\u00e5r fr\u00e5n midsommarafton till 3 juli.&nbsp;<a href=\"https:\/\/www.holjesrx.com\/smart-driving-challenge\" target=\"_blank\" rel=\"noopener\">H\u00e4r hittar du mer information.<\/a><\/p>\n\n\n\n<p>N\u00e4r man laddar ner appen FIA SDC och kopplar upp den i bilen m\u00e4ts bilk\u00f6rningen och man f\u00e5r po\u00e4ng utifr\u00e5n hur smart och milj\u00f6v\u00e4nligt man k\u00f6r. Den som bes\u00f6ker Rallycrosshelgen i H\u00f6ljes kan dessutom vinna en av 100 weekendbiljetter till eventet. Det enda som beh\u00f6vs \u00e4r en smartphone och en bil med bluetooth.<\/p>\n\n\n\n<p>Detta \u00e4r f\u00f6rsta g\u00e5ngen som appen anv\u00e4nds inom bes\u00f6ksn\u00e4ringen. V\u00e4rmland har utmaningen med stora avst\u00e5nd och bilburna bes\u00f6kare. Fia SmartDriving Challenge to H\u00f6ljes RX \u00e4r ett s\u00e4tt att genom innovation, digitalisering och gamification uppmuntra till ett s\u00e4krare och h\u00e5llbarare s\u00e4tt att transportera sig.<\/p>\n\n\n\n<p>Satsningen m\u00f6jligg\u00f6rs av att&nbsp;<a href=\"https:\/\/www.linkedin.com\/company\/regionvarmland\/\" target=\"_blank\" rel=\"noopener\">Region V\u00e4rmland<\/a>&nbsp;och&nbsp;<a href=\"https:\/\/www.linkedin.com\/company\/tillvaxtverket\/\" target=\"_blank\" rel=\"noopener\">Tillv\u00e4xtverket<\/a>&nbsp;har beviljat st\u00f6d till projektet \u201dInnovationsarenor Bes\u00f6ksn\u00e4ring i V\u00e4rmland\u201d, som \u00e4r en del av React-EU.<\/p>\n","protected":false},"author":2,"featured_media":0,"template":"","class_list":["post-2085","news","type-news","status-publish","hentry"],"acf":[],"lang":"sv","translations":{"sv":2085},"pll_sync_post":[],"_links":{"self":[{"href":"https:\/\/www.visitvarmland.com\/corporate\/wp-json\/wp\/v2\/news\/2085","targetHints":{"allow":["GET"]}}],"collection":[{"href":"https:\/\/www.visitvarmland.com\/corporate\/wp-json\/wp\/v2\/news"}],"about":[{"href":"https:\/\/www.visitvarmland.com\/corporate\/wp-json\/wp\/v2\/types\/news"}],"author":[{"embeddable":true,"href":"https:\/\/www.visitvarmland.com\/corporate\/wp-json\/wp\/v2\/users\/2"}],"wp:attachment":[{"href":"https:\/\/www.visitvarmland.com\/corporate\/wp-json\/wp\/v2\/media?parent=2085"}],"curies":[{"name":"wp","href":"https:\/\/api.w.org\/{rel}","templated":true}]}}