{"id":2115,"date":"2022-07-05T08:59:28","date_gmt":"2022-07-05T06:59:28","guid":{"rendered":"https:\/\/www.visitvarmland.com\/corporate\/?post_type=news&#038;p=2115"},"modified":"2024-06-03T17:47:06","modified_gmt":"2024-06-03T15:47:06","slug":"varmlands-turismpris-2022","status":"publish","type":"news","link":"https:\/\/www.visitvarmland.com\/corporate\/nyheter\/varmlands-turismpris-2022\/","title":{"rendered":"V\u00e4rmlands turismpris 2022"},"content":{"rendered":"\n<p>Med V\u00e4rmlands Turismpris uppm\u00e4rksammar Visit V\u00e4rmland ett f\u00f6retag eller organisation&nbsp;som p\u00e5 ett betydelsefullt s\u00e4tt bidragit till att st\u00e4rka V\u00e4rmlands bes\u00f6ksn\u00e4ring.<\/p>\n\n\n\n<p>Juryn best\u00e5r av Visit V\u00e4rmlands styrelse.&nbsp;Priset, f\u00f6rutom diplom \u00e4r en check p\u00e5 10.000:- som ska anv\u00e4ndas till utbildning eller n\u00e5got annat som vinnaren anser kan vara till hj\u00e4lp till att utveckla sin verkamhet ytterligare. Priset delas ut i mitten av september och vinnaren kommer ocks\u00e5 att uppm\u00e4rksammas under V\u00e4rmlands Bes\u00f6ksn\u00e4ringsdagar 2022 (18-19 november).<\/p>\n\n\n\n<p>Nomineringsprocessen \u00e4r \u00f6ppen f\u00f6r alla, du kan \u00e4ven nominera dig sj\u00e4lv! Motivera utifr\u00e5n de olika kriterierna.<\/p>\n\n\n\n<h2 class=\"wp-block-heading\">Kriterier f\u00f6r V\u00e4rmlands Turismpris:<\/h2>\n\n\n\n<p><strong>\u2022\u00a0<\/strong>Huvudkriterium: Pristagare bidrar till nyt\u00e4nkande och innovativ utveckling av bes\u00f6ksn\u00e4ringen<\/p>\n\n\n\n<p>\u2022 H\u00e5llbarhetskriterium: Pristagaren utvecklar metodiskt och m\u00e5lmedvetet en h\u00e5llbar verksamhet<\/p>\n\n\n\n<p>\u2022 Kunskapskriterium: Pristagaren utvecklar, sprider och delar nya f\u00e4rdigheter och kunskaper f\u00f6r att st\u00e4rka bes\u00f6ksn\u00e4ringen.<\/p>\n\n\n\n<p><strong><em>Nominera senast den 7 augusti.<\/em><\/strong><\/p>\n\n\n\n<p>Tre finalister utses av en jury best\u00e5ende av Visit V\u00e4rmlands styrelse. Finalisterna presenteras i Visit V\u00e4rmlands kanaler med ett r\u00f6stningsf\u00f6rfarande, d\u00e4r alla kan vara med och utse \u00e5rets vinnare i V\u00e4rmlands Turismpris.Vinnaren av V\u00e4rmlands Turismpris 2022 presenteras senast 7 september och blir \u00e4ven V\u00e4rmlands kandidat till Stora turismpriset 2022.<\/p>\n\n\n\n<div class=\"wp-block-atheme-component-action-button atheme-wrapper--action-button-single\"><a href=\"https:\/\/ui.ungpd.com\/Surveys\/1d36f149-67cb-4585-9cc1-86139e3aa3ce\" target=\"_self\" class=\"a-action a-action--arrow\" rel=\"noopener\"><span>Nominera till \u00e5rets turismpris 2022<\/span><\/a><\/div>\n","protected":false},"author":3,"featured_media":0,"template":"","class_list":["post-2115","news","type-news","status-publish","hentry"],"acf":[],"lang":"sv","translations":{"sv":2115},"pll_sync_post":[],"_links":{"self":[{"href":"https:\/\/www.visitvarmland.com\/corporate\/wp-json\/wp\/v2\/news\/2115","targetHints":{"allow":["GET"]}}],"collection":[{"href":"https:\/\/www.visitvarmland.com\/corporate\/wp-json\/wp\/v2\/news"}],"about":[{"href":"https:\/\/www.visitvarmland.com\/corporate\/wp-json\/wp\/v2\/types\/news"}],"author":[{"embeddable":true,"href":"https:\/\/www.visitvarmland.com\/corporate\/wp-json\/wp\/v2\/users\/3"}],"wp:attachment":[{"href":"https:\/\/www.visitvarmland.com\/corporate\/wp-json\/wp\/v2\/media?parent=2115"}],"curies":[{"name":"wp","href":"https:\/\/api.w.org\/{rel}","templated":true}]}}