{"id":2285,"date":"2022-09-15T18:25:04","date_gmt":"2022-09-15T16:25:04","guid":{"rendered":"https:\/\/www.visitvarmland.com\/corporate\/?post_type=news&#038;p=2285"},"modified":"2024-06-03T17:47:06","modified_gmt":"2024-06-03T15:47:06","slug":"mattila-natur-kulturforening-vinnare-av-varmlands-turismpris-2022","status":"publish","type":"news","link":"https:\/\/www.visitvarmland.com\/corporate\/nyheter\/mattila-natur-kulturforening-vinnare-av-varmlands-turismpris-2022\/","title":{"rendered":"Mattila natur- &#038; kulturf\u00f6rening vinnare av V\u00e4rmlands Turismpris 2022"},"content":{"rendered":"\n<p>Nu har vinnaren av V\u00e4rmlands Turismpris 2022 r\u00f6stats fram via Visit V\u00e4rmlands sociala kanaler. Med stort engagemang f\u00f6r de tre finalisterna har vi nu en v\u00e4rdig vinnare!<\/p>\n\n\n\n<p>Mattila natur- &amp; kulturf\u00f6rening har&nbsp;utsetts till vinnare av V\u00e4rmlands Turismpris 2022&nbsp;och blir \u00e4ven V\u00e4rmlands bidrag till Stora Turismpriset 2022.<\/p>\n\n\n\n<p>\u2013 \u00c4ven i \u00e5r har allm\u00e4nheten kunnat r\u00f6sta p\u00e5 sin favoritfinalist i v\u00e5ra sociala kanaler.&nbsp;Nu kan vi \u00e4ntligen&nbsp;presentera vinnaren. Mattila natur- &amp; kulturf\u00f6rening \u00e4r en engagerad och v\u00e4rdig vinnare som&nbsp;bidrar till bes\u00f6ksn\u00e4ringen genom att f\u00f6ra kulturarvet vidare och st\u00e4rka platsens identitet och attraktionskraft&nbsp;via digitala upplevelser och ett&nbsp;nyt\u00e4nkande som samspelar med naturen, kulturen och historien, s\u00e4ger Mia Landin vd p\u00e5 Visit V\u00e4rmland.<\/p>\n\n\n\n<p>Inom f\u00f6reningen sker innovativa utvecklingsarbeten av finnbygdens traditioner, musiken, ber\u00e4ttelserna och vandringsstigarna p\u00e5 ett antal olika s\u00e4tt som st\u00e4rker alla sinnen. Det \u00f6vergripande m\u00e5let \u00e4r att aktivt bidra till att fler bes\u00f6kare hittar och bes\u00f6ker omr\u00e5det, upplever och kan konsumera ett bra utbud utifr\u00e5n bo, \u00e4ta och g\u00f6ra.&nbsp;Bland annat har tv\u00e5 nya teman f\u00f6r upplevelser lanserats under 2022; &#8221;Skogens olika rum&#8221; och &#8221;Smaker av Finnskogen&#8221;.&nbsp;Ut\u00f6ver dessa teman erbjuds ocks\u00e5 fler evenemang och kurser utifr\u00e5n vad naturen ger, skogsfinska traditioner och ber\u00e4ttelser.<\/p>\n\n\n\n<p>\u2013 Vi \u00e4r oerh\u00f6rt stolta och glada. F\u00f6reningens arbete skapar gemenskap, trygghet och identitet f\u00f6r platsen. Intresset f\u00f6r natur-och kulturarvet \u00e4r drivkraften i engagemanget f\u00f6r Mattila och Finnskogen. H\u00e4r m\u00f6ts generations- och nationsgr\u00e4nser f\u00f6r att bejaka kreativitet, sm\u00e5skalighet och m\u00e5ngfald, s\u00e4ger Bengt Fjellstedt talesperson, drivkraft och fd ordf\u00f6rande i Mattila natur- &amp; kulturf\u00f6rening.<\/p>\n\n\n\n<p>\u2013 Vi gl\u00e4ds \u00e5t engagemanget som gjort det m\u00f6jligt att lyfta ledsystemet och utveckla upplevelser av olika slag. Vi ser g\u00e4rna att \u00e4nnu fler v\u00e4ljer att g\u00e5 med i f\u00f6reningen och bidrar till att st\u00e4rka omr\u00e5dets attraktionskraft ytterligare. Med s\u00e5 starka finalister v\u00e5gade vi inte tro p\u00e5 seger s\u00e5 det kom lite \u00f6verraskande. Tusen tack till alla er som r\u00f6stade p\u00e5 oss, s\u00e4ger G\u00f6ran Nilsson ordf\u00f6rande i Mattila natur- &amp; kulturf\u00f6rening.<\/p>\n\n\n\n<h2 class=\"wp-block-heading\">Tillg\u00e4ngligg\u00f6r platsen och dess v\u00e4rden<\/h2>\n\n\n\n<p>F\u00f6reningen verkar f\u00f6r en h\u00e5llbar och levande Finnskog och ett h\u00e5llbart samh\u00e4lle genom att f\u00f6rena det f\u00f6rg\u00e5ngna med nutiden och leda in i framtiden. Ett s\u00e4tt att leda in i framtiden \u00e4r att g\u00f6ra Finnskogens natur och kultur tillg\u00e4nglig f\u00f6r bes\u00f6kare.&nbsp;<\/p>\n\n\n\n<p>F\u00f6r att p\u00e5 ett enkelt och tidsenligt s\u00e4tt sprida information om kulturella och naturm\u00e4ssiga v\u00e4rden (personer, platser, h\u00e4ndelser, skogstyper, mm) l\u00e4ngs vandringsleder, cykelv\u00e4gar och allm\u00e4nt inom Mattilaomr\u00e5det har tagits fram en applikation (se app: V\u00e4gvisare Mattila) med ca 100 intressepunkter d\u00e4r bes\u00f6karna f\u00e5r en guidning i mobiltelefonen p\u00e5 plats med text, bilder, filmer och ljudklipp. Appen best\u00e5r i grunden av en karta \u00f6ver Mattila med omnejd d\u00e4r leder och intressanta platser finns utmarkerade.&nbsp;Alla platser har en kort f\u00f6rklaring men p\u00e5 flera platser kan man ta del av f\u00f6rdjupade ber\u00e4ttelser om livet p\u00e5 Finnskogen f\u00f6rr eller andra sp\u00e4nnande historiska eller nutida fakta. Vissa av ber\u00e4ttelserna \u00e4r \u201dl\u00e5sta\u201d och kan enbart konsumeras p\u00e5 plats i naturen. P\u00e5 m\u00e5nga platser utmanas ocks\u00e5 bes\u00f6karen att reflektera \u00f6ver olika fr\u00e5gest\u00e4llningar. Ett exempel \u00e4r, i ber\u00e4ttelsen om Finnskogens sista vandringsman Nittaho-Jussi som avslutas med hans ord: \u201dDetta \u00e4r mina skogar men jag \u00e4ger dem inte\u201d vad betyder detta f\u00f6r dig?&#8221;<\/p>\n\n\n\n<p>Priset blir en v\u00e4rdecheck p\u00e5 10 000 kronor fr\u00e5n Visit V\u00e4rmland f\u00f6r att kunna utveckla verksamheten ytterligare och delas ut den 17 november&nbsp;p\u00e5 V\u00e4rmlands bes\u00f6ksn\u00e4ringsdagar 2022. Mattila natur- &amp; kulturf\u00f6rening&nbsp;st\u00e5r nu ocks\u00e5 klar som V\u00e4rmlands kandidat till Stora Turismpriset 2022. Kandidaterna har nominerats av respektive l\u00e4n och priset delas ut den 30 november i samband med konferensen Bes\u00f6ksn\u00e4ringen p\u00e5 agendan som delas ut av Stiftelsen f\u00f6r kunskapsfr\u00e4mjande inom turism.<\/p>\n","protected":false},"author":2,"featured_media":2288,"template":"","class_list":["post-2285","news","type-news","status-publish","has-post-thumbnail","hentry"],"acf":[],"lang":"sv","translations":{"sv":2285},"pll_sync_post":[],"_links":{"self":[{"href":"https:\/\/www.visitvarmland.com\/corporate\/wp-json\/wp\/v2\/news\/2285","targetHints":{"allow":["GET"]}}],"collection":[{"href":"https:\/\/www.visitvarmland.com\/corporate\/wp-json\/wp\/v2\/news"}],"about":[{"href":"https:\/\/www.visitvarmland.com\/corporate\/wp-json\/wp\/v2\/types\/news"}],"author":[{"embeddable":true,"href":"https:\/\/www.visitvarmland.com\/corporate\/wp-json\/wp\/v2\/users\/2"}],"wp:featuredmedia":[{"embeddable":true,"href":"https:\/\/www.visitvarmland.com\/corporate\/wp-json\/wp\/v2\/media\/2288"}],"wp:attachment":[{"href":"https:\/\/www.visitvarmland.com\/corporate\/wp-json\/wp\/v2\/media?parent=2285"}],"curies":[{"name":"wp","href":"https:\/\/api.w.org\/{rel}","templated":true}]}}