{"id":2366,"date":"2022-09-28T09:34:55","date_gmt":"2022-09-28T07:34:55","guid":{"rendered":"https:\/\/www.visitvarmland.com\/corporate\/?post_type=news&#038;p=2366"},"modified":"2024-06-03T17:47:06","modified_gmt":"2024-06-03T15:47:06","slug":"affarsutvecklingscheckar","status":"publish","type":"news","link":"https:\/\/www.visitvarmland.com\/corporate\/nyheter\/affarsutvecklingscheckar\/","title":{"rendered":"Aff\u00e4rsutvecklingscheckar"},"content":{"rendered":"\n<p>Nu finns det m\u00f6jlighet f\u00f6r f\u00f6retag att s\u00f6ka st\u00f6dfinansiering f\u00f6r att utveckla verksamheten i en mer j\u00e4mst\u00e4llt, socialt, ekonomiskt eller milj\u00f6m\u00e4ssigt h\u00e5llbar riktning. St\u00f6det ges i form av Aff\u00e4rsutvecklingscheckar och kan s\u00f6kas till och med den 1 december 2022. Insatsen kan genomf\u00f6ras och ska avslutas senast den 1 september 2023.<\/p>\n\n\n\n<h2 class=\"wp-block-heading\" id=\"h-Vilkakansoka\">Vilka kan s\u00f6ka?<\/h2>\n\n\n\n<ul class=\"wp-block-list\"><li>F\u00f6retag som har en l\u00e5ngsiktig id\u00e9 om hur verksamheten ska utvecklas och hur satsningen leder till en mer h\u00e5llbar verksamhet. Satsningen b\u00f6r vara verksamhetsn\u00e4ra och en del i aff\u00e4rsutvecklingen.<\/li><li>Verksamheten ska ha minst tv\u00e5 anst\u00e4llda (motsvarande tv\u00e5 heltider) och h\u00f6gst 100 anst\u00e4llda samt en oms\u00e4ttning p\u00e5 mellan 1 och 150 miljoner kronor.<\/li><li>F\u00f6retaget ska ha en ekonomi i ordning och kunna uppvisa minst tv\u00e5 \u00e5rsbokslut. De anst\u00e4llda ska ha marknadsm\u00e4ssig l\u00f6n.<\/li><li>St\u00f6dfinansiering kan s\u00f6kas f\u00f6r mellan 50 000 kronor och 250 000 kronor. F\u00f6r gr\u00f6n omst\u00e4llning \u00e4r minsta st\u00f6dniv\u00e5 25 000 kronor. St\u00f6det f\u00e5r t\u00e4cka h\u00f6gst 50 procent av era kostnader.<\/li><\/ul>\n\n\n\n<p><a href=\"https:\/\/regionvarmland.se\/4.49a6323417c92c9e5641ca42.html\" target=\"_blank\" rel=\"noreferrer noopener\">L\u00e4s mer<\/a><\/p>\n","protected":false},"author":2,"featured_media":0,"template":"","class_list":["post-2366","news","type-news","status-publish","hentry"],"acf":[],"lang":"sv","translations":{"sv":2366},"pll_sync_post":[],"_links":{"self":[{"href":"https:\/\/www.visitvarmland.com\/corporate\/wp-json\/wp\/v2\/news\/2366","targetHints":{"allow":["GET"]}}],"collection":[{"href":"https:\/\/www.visitvarmland.com\/corporate\/wp-json\/wp\/v2\/news"}],"about":[{"href":"https:\/\/www.visitvarmland.com\/corporate\/wp-json\/wp\/v2\/types\/news"}],"author":[{"embeddable":true,"href":"https:\/\/www.visitvarmland.com\/corporate\/wp-json\/wp\/v2\/users\/2"}],"wp:attachment":[{"href":"https:\/\/www.visitvarmland.com\/corporate\/wp-json\/wp\/v2\/media?parent=2366"}],"curies":[{"name":"wp","href":"https:\/\/api.w.org\/{rel}","templated":true}]}}