{"id":2481,"date":"2022-10-21T10:25:44","date_gmt":"2022-10-21T08:25:44","guid":{"rendered":"https:\/\/www.visitvarmland.com\/corporate\/?post_type=news&#038;p=2481"},"modified":"2024-06-03T17:47:06","modified_gmt":"2024-06-03T15:47:06","slug":"sok-extrainsatt-regionalt-energistod","status":"publish","type":"news","link":"https:\/\/www.visitvarmland.com\/corporate\/nyheter\/sok-extrainsatt-regionalt-energistod\/","title":{"rendered":"S\u00f6k extrainsatt regionalt energist\u00f6d"},"content":{"rendered":"\n<p>S\u00f6k st\u00f6d via Region V\u00e4rmlands F\u00f6retagsjour!<\/p>\n\n\n\n<p>F\u00f6retagsjouren \u00e4r en kostnadsfri v\u00e4gledningstj\u00e4nst f\u00f6r v\u00e4rml\u00e4ndska f\u00f6retag som beh\u00f6ver hj\u00e4lp att hitta och s\u00f6ka tillf\u00e4lliga st\u00f6d fr\u00e5n regionala och nationella akt\u00f6rer.<\/p>\n\n\n\n<p>Genom F\u00f6retagsjouren kan du nu s\u00f6ka ett kostnadsfritt st\u00f6d d\u00e4r en energiexpert bes\u00f6ker din verksamhet och genomf\u00f6r en utv\u00e4rdering, f\u00f6ljt av konkreta f\u00f6rslag f\u00f6r hur du kan minska din energianv\u00e4ndning.<\/p>\n\n\n\n<h3 class=\"wp-block-heading\">Villkor f\u00f6r att kunna s\u00f6ka<\/h3>\n\n\n\n<ul class=\"wp-block-list\"><li>Privata f\u00f6retag.<\/li><li>1\u201349 anst\u00e4llda.<\/li><li>Verksamheten \u00e4r placerad inom V\u00e4rmlands l\u00e4ns gr\u00e4nser.<\/li><\/ul>\n\n\n\n<p><strong>Sista ans\u00f6kningsdag \u00e4r 2022-11-30 men st\u00f6det tilldelas l\u00f6pande enligt principen f\u00f6rst till kvarn.<\/strong><\/p>\n\n\n\n<h2 class=\"wp-block-heading\">Information om \u00f6vriga st\u00f6d kopplat till energisituationen f\u00f6r f\u00f6retag<\/h2>\n\n\n\n<ul class=\"wp-block-list\"><li><a href=\"https:\/\/regionvarmland.se\/regionvarmland\/utveckling-tillvaxt\/regional-utveckling\/bioekonomi-klimat-och-energi\/miljoinvesteringar-for-foretag\/kommunal-energi---klimatradgivning\" target=\"_blank\" rel=\"noopener\">Kommunala energir\u00e5dgivare<\/a><\/li><li><a href=\"https:\/\/www.energimyndigheten.se\/energieffektivisering\/jag-vill-energieffektivisera-min-organisation\/\" target=\"_blank\" rel=\"noopener\">Energimyndigheten<\/a><\/li><li><a href=\"https:\/\/regionvarmland.se\/regionvarmland\/utveckling-tillvaxt\/projektmedel-bidrag-och-foretagsstod\/regionala-foretagsstod\" target=\"_blank\" rel=\"noopener\">F\u00f6r vidare information om st\u00f6d till f\u00f6retag, kontakta Region V\u00e4rmlands F\u00f6retagsst\u00f6d<\/a><\/li><li><a href=\"https:\/\/regionvarmland.se\/regionvarmland\/utveckling-tillvaxt\/regional-utveckling\/bioekonomi-klimat-och-energi\/energikontor-varmland\" target=\"_blank\" rel=\"noopener\">Energikontor V\u00e4rmland<\/a><\/li><\/ul>\n","protected":false},"author":2,"featured_media":0,"template":"","class_list":["post-2481","news","type-news","status-publish","hentry"],"acf":[],"lang":"sv","translations":{"sv":2481},"pll_sync_post":[],"_links":{"self":[{"href":"https:\/\/www.visitvarmland.com\/corporate\/wp-json\/wp\/v2\/news\/2481","targetHints":{"allow":["GET"]}}],"collection":[{"href":"https:\/\/www.visitvarmland.com\/corporate\/wp-json\/wp\/v2\/news"}],"about":[{"href":"https:\/\/www.visitvarmland.com\/corporate\/wp-json\/wp\/v2\/types\/news"}],"author":[{"embeddable":true,"href":"https:\/\/www.visitvarmland.com\/corporate\/wp-json\/wp\/v2\/users\/2"}],"wp:attachment":[{"href":"https:\/\/www.visitvarmland.com\/corporate\/wp-json\/wp\/v2\/media?parent=2481"}],"curies":[{"name":"wp","href":"https:\/\/api.w.org\/{rel}","templated":true}]}}