{"id":2503,"date":"2022-11-10T16:31:56","date_gmt":"2022-11-10T15:31:56","guid":{"rendered":"https:\/\/www.visitvarmland.com\/corporate\/?post_type=news&#038;p=2503"},"modified":"2024-06-03T17:47:06","modified_gmt":"2024-06-03T15:47:06","slug":"varmlands-besoksnaringsdagarna","status":"publish","type":"news","link":"https:\/\/www.visitvarmland.com\/corporate\/nyheter\/varmlands-besoksnaringsdagarna\/","title":{"rendered":"Finalister \u00c5rets Uppstickare och \u00c5rets Uppsats"},"content":{"rendered":"\n<p>I samband med V\u00e4rmlands Bes\u00f6ksn\u00e4ringsdagar i Charlottenberg 17-18 november delas priser ut till \u00c5rets Uppstickare och \u00c5rets Uppsats. Vid samma tillf\u00e4lle hyllas \u00e4ven \u00e5rets finalister och vinnaren av V\u00e4rmlands Turismpris.<\/p>\n\n\n\n<h2 class=\"wp-block-heading\">Finalister \u00c5rets Uppstickare<\/h2>\n\n\n\n<p>Visit V\u00e4rmland delar ut ett hedersomn\u00e4mnande till \u00c5rets Uppstickare. Med detta vill vi synligg\u00f6ra en akt\u00f6r som genom nyt\u00e4nkande, utveckling av befintlig verksamhet eller nystart, utm\u00e4rkt sig inom bes\u00f6ksn\u00e4ringen i V\u00e4rmland.<\/p>\n\n\n\n<ul class=\"wp-block-list\"><li>Annika och Peter Svensson, eldsj\u00e4lar som bidrar till utveckingen i Svart\u00e5 med bland annat Sj\u00f6tullen och Villa Lungsbo.<\/li><li>Bowter<\/li><li>Villa Fryksta<\/li><\/ul>\n\n\n\n<h2 class=\"wp-block-heading\">Finalister \u00c5rets Uppsats<\/h2>\n\n\n\n<p>Priset \u00c5rets Uppsats delas ut till b\u00e4sta uppsats med fokus p\u00e5 V\u00e4rmlands bes\u00f6ksn\u00e4ring.<\/p>\n\n\n\n<ul class=\"wp-block-list\"><li>Turisters upplevelser av servicem\u00f6ten \u2013 Elvira Berglund &amp; Elise \u00c5hlberg<\/li><li>Naturkatastrofens kraft p\u00e5 destinationers marknadsf\u00f6ring \u2013 Alexia Holse &amp; Hampus Stedt<\/li><li>Varum\u00e4rken i plats- och destinationsmarknadsf\u00f6ring \u2013 Saga Lundmark &amp; Linn Sj\u00f6kvist<\/li><\/ul>\n\n\n\n<h2 class=\"wp-block-heading\">V\u00e4rmlands Turismpris<\/h2>\n\n\n\n<p>Med V\u00e4rmlands Turismpris uppm\u00e4rksammar Visit V\u00e4rmland akt\u00f6r som p\u00e5 ett betydelsefullt s\u00e4tt bidragit till att st\u00e4rka den v\u00e4rml\u00e4ndska bes\u00f6ksn\u00e4ringen. Under kv\u00e4llens middag p\u00e5 bes\u00f6ksn\u00e4ringsdagarna hyllar och uppm\u00e4rksammar vi finalisterna och vinnaren av V\u00e4rmlands Turismpris Mattila natur- &amp; kulturf\u00f6rening, som ocks\u00e5 \u00e4r V\u00e4rmlands bidrag till Stora Turismpriset 2022. \u00c5rets \u00f6vriga&nbsp;finalister \u00e4r Yggdrasil Igloo Water Huts och&nbsp;Alma L\u00f6v Museum of Unexpected Art.<\/p>\n\n\n\n<h2 class=\"wp-block-heading\">Inbjudan till press och media<\/h2>\n\n\n\n<p>Media h\u00e4lsas v\u00e4lkomna att delta b\u00e5de under bes\u00f6ksn\u00e4ringsdagarna och prisutdelningen. Kontakta marknad@visitvarmland.com, tel. 072-142 21 22 f\u00f6r mer information.<\/p>\n","protected":false},"author":2,"featured_media":0,"template":"","class_list":["post-2503","news","type-news","status-publish","hentry"],"acf":[],"lang":"sv","translations":{"sv":2503},"pll_sync_post":[],"_links":{"self":[{"href":"https:\/\/www.visitvarmland.com\/corporate\/wp-json\/wp\/v2\/news\/2503","targetHints":{"allow":["GET"]}}],"collection":[{"href":"https:\/\/www.visitvarmland.com\/corporate\/wp-json\/wp\/v2\/news"}],"about":[{"href":"https:\/\/www.visitvarmland.com\/corporate\/wp-json\/wp\/v2\/types\/news"}],"author":[{"embeddable":true,"href":"https:\/\/www.visitvarmland.com\/corporate\/wp-json\/wp\/v2\/users\/2"}],"wp:attachment":[{"href":"https:\/\/www.visitvarmland.com\/corporate\/wp-json\/wp\/v2\/media?parent=2503"}],"curies":[{"name":"wp","href":"https:\/\/api.w.org\/{rel}","templated":true}]}}