{"id":2533,"date":"2022-11-17T23:36:03","date_gmt":"2022-11-17T22:36:03","guid":{"rendered":"https:\/\/www.visitvarmland.com\/corporate\/?post_type=news&#038;p=2533"},"modified":"2024-06-03T17:47:06","modified_gmt":"2024-06-03T15:47:06","slug":"vinnarna-av-varmlands-turismpris-arets-uppstickare-och-arets-uppsats-har-hyllats-under-varmlands-besoksnaringsdagar","status":"publish","type":"news","link":"https:\/\/www.visitvarmland.com\/corporate\/nyheter\/vinnarna-av-varmlands-turismpris-arets-uppstickare-och-arets-uppsats-har-hyllats-under-varmlands-besoksnaringsdagar\/","title":{"rendered":"Vinnarna av V\u00e4rmlands Turismpris, \u00c5rets Uppstickare och \u00c5rets Uppsats har hyllats under V\u00e4rmlands Bes\u00f6ksn\u00e4ringsdagar"},"content":{"rendered":"\n<p>Under V\u00e4rmlands Bes\u00f6ksn\u00e4ringsdagar i Charlottenberg har Visit V\u00e4rmland hyllat b\u00e5de finalister och vinnare av V\u00e4rmlands Turismpris, \u00c5rets Uppstickare och \u00c5rets Uppsats.<\/p>\n\n\n\n<p>\u2013 Bes\u00f6ksn\u00e4ringsdagarna ett tillf\u00e4lle att m\u00f6tas, n\u00e4tverka, l\u00e4ra k\u00e4nna varandra och ta del av intressanta f\u00f6rel\u00e4sningar och goda exempel fr\u00e5n n\u00e4ringen. Bes\u00f6ksn\u00e4ringsdagarna \u00e4r inneh\u00e5llsrika och \u00e5rets tema \u00e4r&nbsp;<em>Tillsammans f\u00f6r ett mer attraktivt V\u00e4rmland 2.0.&nbsp;<\/em>Det \u00e4r ocks\u00e5 tillf\u00e4llet n\u00e4r vi hyllar v\u00e5ra goda f\u00f6rebilder fr\u00e5n bes\u00f6ksn\u00e4ringen lite extra, s\u00e4ger Mia Landin vd p\u00e5 Visit V\u00e4rmland.<\/p>\n\n\n\n<h2 class=\"wp-block-heading\">V\u00e4rmlands Turismpris<\/h2>\n\n\n\n<p>Redan tidigare i h\u00f6st korades Mattila natur- &amp; kulturf\u00f6rening som vinnare av V\u00e4rmlands Turismpris 2022 och \u00e4r V\u00e4rmlands bidrag till Stora Turismpriset 2022, men det \u00e4r f\u00f6rst nu som de firats p\u00e5 riktigt i V\u00e4rmland. Nu har de hyllats som v\u00e4rdiga vinnare som med r\u00e5ge uppfyllt bed\u00f6mningskriterierna och har p\u00e5visat innovationskraft och positiv utveckling.<\/p>\n\n\n\n<p>Finalister till V\u00e4rmlands turismpris:<\/p>\n\n\n\n<ul class=\"wp-block-list\"><li>Mattila natur- &amp; kulturf\u00f6rening<\/li><li>Alma L\u00f6v Museum Of Unexp. Art<\/li><li>Yggdrasil Igloo Water Huts<\/li><\/ul>\n\n\n\n<p><em>&#8221;Mattila natur- &amp; kulturf\u00f6rening f\u00f6r historien och kulturarvet vidare genom digitala upplevelser och nyt\u00e4nkande som samspelar med naturen, kulturen och historien. Genom samverkan bidrar de till att utveckla bes\u00f6ksn\u00e4ringen och att g\u00f6ra Mattila till en del av en h\u00e5llbar levande Finnskog och ett h\u00e5llbart samh\u00e4lle f\u00f6r de som lever, verkar, bor och bes\u00f6ker.&#8221;<\/em><\/p>\n\n\n\n<h2 class=\"wp-block-heading\">\u00c5rets Uppstickare<\/h2>\n\n\n\n<p>\u00c5rets Uppstickare \u00e4r Bowter. Visit V\u00e4rmland delar ut ett hedersomn\u00e4mnande till \u00c5rets Uppstickare och med detta pris vill vi synligg\u00f6ra en akt\u00f6r som genom nyt\u00e4nkande, utveckling av befintlig verksamhet eller nystart, utm\u00e4rkt sig inom bes\u00f6ksn\u00e4ringen i V\u00e4rmland.&nbsp;<\/p>\n\n\n\n<p>Finalister till \u00c5rets Uppstickare:<\/p>\n\n\n\n<ul class=\"wp-block-list\"><li>Annika och Peter Svensson, eldsj\u00e4lar som utvecklar Svart\u00e5\/Sj\u00f6tullen\/Villa Lungsbo<\/li><li>Bowter<\/li><li>Villa Fryksta<\/li><\/ul>\n\n\n\n<p><em>&#8221;I en tid d\u00e4r fler bes\u00f6kare vill leva, konsumera och resa mer tryggt och h\u00e5llbart, erbjuder Bowter en anv\u00e4ndarv\u00e4nlig, h\u00e5llbar och milj\u00f6v\u00e4nlig m\u00f6jlighet att uppleva v\u00e5ra vattendrag och v\u00e5r natur tillsammans med familj och v\u00e4nner. Genom uthyrningspaket till akt\u00f6rer i bes\u00f6ksn\u00e4ringen av sin innovativa helautomatiserade b\u00e5t som drivs av solenergi, g\u00f6r Bowter elb\u00e5ten och vattenupplevelser tillg\u00e4nglig f\u00f6r alla.&#8221;<\/em><\/p>\n\n\n\n<h2 class=\"wp-block-heading\">\u00c5rets Uppsats<\/h2>\n\n\n\n<p>Priset \u00c5rets Uppsats delas ut till b\u00e4sta uppsats med fokus p\u00e5 V\u00e4rmlands bes\u00f6ksn\u00e4ring. Vinnare av \u00c5rets Uppsats \u00e4r&nbsp;<em>Varum\u00e4rken i plats- och destinationsmarknadsf\u00f6ring<\/em>&nbsp;skriven av Saga Lundmark &amp; Linn Sj\u00f6kvist.<\/p>\n\n\n\n<ul class=\"wp-block-list\"><li>Turisters upplevelser av servicem\u00f6ten \u2013 Elvira Berglund &amp; Elise \u00c5hlberg<\/li><li>Naturkatastrofens kraft p\u00e5 destinationers marknadsf\u00f6ring \u2013 Alexia Holse &amp; Hampus Stedt<\/li><li>Varum\u00e4rken i plats- och destinationsmarknadsf\u00f6ring \u2013 Saga Lundmark &amp; Linn Sj\u00f6kvist<\/li><\/ul>\n\n\n\n<p><em>\u201dSaga Lundmark och Linn Sj\u00f6kvist har skrivit en genomarbetad uppsats som lyfter vikten av varum\u00e4rken i plats- och destinationsmarknadsf\u00f6ringssyfte. De unders\u00f6ker betydelsen av varum\u00e4rket V\u00e4rmland samt hur V\u00e4rml\u00e4ndska kommuner hanterar lokala och regionala varum\u00e4rken. I uppsatsen diskuterar f\u00f6rfattarna utmaningar, m\u00f6jligheter och t\u00e4nkbara f\u00f6rb\u00e4ttringar kopplat till varum\u00e4rken och marknadsf\u00f6ring. Saga och Linns uppsats visar vikten av att arbeta strategiskt med varum\u00e4rken f\u00f6r att gynna utvecklingen av V\u00e4rml\u00e4ndsk bes\u00f6ksn\u00e4ring.\u201d<\/em><\/p>\n\n\n\n<p>Director of the Tourism Programme Fredrik Hoppstadius tillsammans med bed\u00f6margrupp har l\u00e4st och bed\u00f6mt godk\u00e4nda kandidatuppsatser i turismvetenskap fr\u00e5n v\u00e5rterminen 2022. Vinsten g\u00e5r till uppsats som svarar p\u00e5 kriterierna och d\u00e4r uppsatsens syfte och resultat ska vara till gagn f\u00f6r v\u00e4rml\u00e4ndsk bes\u00f6ksn\u00e4ring.<\/p>\n","protected":false},"author":2,"featured_media":0,"template":"","class_list":["post-2533","news","type-news","status-publish","hentry"],"acf":[],"lang":"sv","translations":{"sv":2533},"pll_sync_post":[],"_links":{"self":[{"href":"https:\/\/www.visitvarmland.com\/corporate\/wp-json\/wp\/v2\/news\/2533","targetHints":{"allow":["GET"]}}],"collection":[{"href":"https:\/\/www.visitvarmland.com\/corporate\/wp-json\/wp\/v2\/news"}],"about":[{"href":"https:\/\/www.visitvarmland.com\/corporate\/wp-json\/wp\/v2\/types\/news"}],"author":[{"embeddable":true,"href":"https:\/\/www.visitvarmland.com\/corporate\/wp-json\/wp\/v2\/users\/2"}],"wp:attachment":[{"href":"https:\/\/www.visitvarmland.com\/corporate\/wp-json\/wp\/v2\/media?parent=2533"}],"curies":[{"name":"wp","href":"https:\/\/api.w.org\/{rel}","templated":true}]}}