{"id":2670,"date":"2022-12-16T11:10:19","date_gmt":"2022-12-16T10:10:19","guid":{"rendered":"https:\/\/www.visitvarmland.com\/corporate\/?post_type=news&#038;p=2670"},"modified":"2024-06-03T17:47:06","modified_gmt":"2024-06-03T15:47:06","slug":"visit-swedens-inspelade-webinarier","status":"publish","type":"news","link":"https:\/\/www.visitvarmland.com\/corporate\/nyheter\/visit-swedens-inspelade-webinarier\/","title":{"rendered":"Visit Swedens inspelade webinarier"},"content":{"rendered":"\n<p>Nu kan du ta del av Visit Swedens inspelade webinarier om Semester (fr\u00e5n 29 november) och Naturturism (fr\u00e5n 24 november).<\/p>\n\n\n\n<h2 class=\"wp-block-heading\">Webbinarium Svemester fr\u00e5n den 29 november<\/h2>\n\n\n\n<p>I detta webbinarium, med inriktning p\u00e5 den svenska resen\u00e4ren (Svemester), fokuserade vi p\u00e5 aff\u00e4rsm\u00f6jligheter genom att djupdyka i aktuella analyser om den svenska m\u00e5lgruppen. Bland annat har vi tittat p\u00e5 en m\u00e5lgrupp vi kallar \u201dden nya medel\u00e5ldern\u201d \u2013 en m\u00e5lgrupp med potential att f\u00f6rl\u00e4nga s\u00e4song. Vi hade sedan ett samtal om detta med v\u00e5ra g\u00e4ster Katarina Bergstrand, VD p\u00e5 Sweden by Bike, Ulrika Nordgren, Chef kommunikation &amp; f\u00f6rs\u00e4ljning p\u00e5 STF samt Amjad Aloul, kommunikat\u00f6r p\u00e5 Right Option Media.<a rel=\"noreferrer noopener\" href=\"https:\/\/click.mlsend2.com\/link\/c\/YT0yMTA1OTA1NDQwODA5Mjk0NjAwJmM9czBrMSZlPTAmYj0xMDU0NDU3Mzk4JmQ9ejZiNWg4aQ==.ivtFzcE6fGTLd4SX2ZllBLK185oVhUGpkc9Eat3Hz-I\" target=\"_blank\">Inspelning av webbinariet p\u00e5 temat Svemester, 55 minuter<\/a><\/p>\n\n\n\n<h2 class=\"wp-block-heading\"><strong>Webbinarium Naturturism fr\u00e5n 24 november<\/strong><\/h2>\n\n\n\n<p>Sverige hamnar n\u00e4stan i topp n\u00e4r potentiella bes\u00f6kare spontant t\u00e4nker p\u00e5 l\u00e4nder som erbjuder h\u00e5llbara naturupplevelser. Sveriges vackra och or\u00f6rda natur forts\u00e4tter alltj\u00e4mt att utg\u00f6ra en av de starkaste reseanledningarna till och inom Sverige. Men v\u00e5r bransch, och inte minst naturturismf\u00f6retagare, m\u00e5ste idag f\u00f6rh\u00e5lla sig till en os\u00e4ker omv\u00e4rld. F\u00f6r att kunna anpassa sin verksamhet och sina erbjudanden \u00e4r det viktigt att ha uppdaterad kunskap om trender och m\u00e5lgruppens preferenser.<\/p>\n\n\n\n<p>Program:<\/p>\n\n\n\n<ul class=\"wp-block-list\"><li>M\u00e5lgruppsinsikter.<\/li><li>Trender inom naturturismaktiviteter, Johanna Sundberg, Kairos Future.<\/li><li>Vad tycker v\u00e5ra bes\u00f6kare? Resultat fr\u00e5n intervjuer i Sverige sommaren 2022.<\/li><li>H\u00e5llbara akt\u00f6rer inom svensk naturturism, Camilla J\u00f6nsson, Naturturismf\u00f6retagen.<\/li><li>Hur s\u00f6ker m\u00e5lgruppen p\u00e5 internet och vad \u201dgooglar\u201d de p\u00e5?<\/li><\/ul>\n\n\n\n<p><br><a href=\"https:\/\/click.mlsend2.com\/link\/c\/YT0yMTA1OTA1NDQwODA5Mjk0NjAwJmM9czBrMSZlPTAmYj0xMDU0NDU3NDA3JmQ9aDdyMXA1Yw==.30nBk2SZDiB-EwecLFgQolyBk6IBiC0YwVlvVkVm2Cc\" target=\"_blank\" rel=\"noreferrer noopener\">Inspelning av webbinariet p\u00e5 temat Naturturism, 59 minuter<\/a><\/p>\n","protected":false},"author":2,"featured_media":0,"template":"","class_list":["post-2670","news","type-news","status-publish","hentry"],"acf":[],"lang":"sv","translations":{"sv":2670},"pll_sync_post":[],"_links":{"self":[{"href":"https:\/\/www.visitvarmland.com\/corporate\/wp-json\/wp\/v2\/news\/2670","targetHints":{"allow":["GET"]}}],"collection":[{"href":"https:\/\/www.visitvarmland.com\/corporate\/wp-json\/wp\/v2\/news"}],"about":[{"href":"https:\/\/www.visitvarmland.com\/corporate\/wp-json\/wp\/v2\/types\/news"}],"author":[{"embeddable":true,"href":"https:\/\/www.visitvarmland.com\/corporate\/wp-json\/wp\/v2\/users\/2"}],"wp:attachment":[{"href":"https:\/\/www.visitvarmland.com\/corporate\/wp-json\/wp\/v2\/media?parent=2670"}],"curies":[{"name":"wp","href":"https:\/\/api.w.org\/{rel}","templated":true}]}}