{"id":2671,"date":"2022-12-16T11:15:19","date_gmt":"2022-12-16T10:15:19","guid":{"rendered":"https:\/\/www.visitvarmland.com\/corporate\/?post_type=news&#038;p=2671"},"modified":"2024-06-03T17:47:05","modified_gmt":"2024-06-03T15:47:05","slug":"svenskarnas-resande-och-ny-kunskap-kring-naturturism","status":"publish","type":"news","link":"https:\/\/www.visitvarmland.com\/corporate\/nyheter\/svenskarnas-resande-och-ny-kunskap-kring-naturturism\/","title":{"rendered":"Svenskarnas resande och ny kunskap kring naturturism"},"content":{"rendered":"\n<h2 class=\"wp-block-heading\">Hur t\u00e4nker svenskarna om sitt resande just nu?<\/h2>\n\n\n\n<p>F\u00f6r att ha aktuell kunskap om hur v\u00e5r svenska m\u00e5lgrupp t\u00e4nker och k\u00e4nner, intervjuar Visit Sweden dem varje m\u00e5nad. I november ser vi att suget efter resor \u00e4r fortsatt stort, trots en h\u00f6g inflation och krig i Ukraina. 32% planerar en semesterresa i Sverige och 51% en utlandsresa de kommande 6 m\u00e5naderna. Framf\u00f6r allt \u00e4r det Spanien (15%), Storbritannien, Danmark (8%) och Tyskland (7%) som svenskarna planerar en resa till nu, f\u00f6rutom Sverige (32%).<\/p>\n\n\n\n<p><a rel=\"noreferrer noopener\" href=\"https:\/\/click.mlsend2.com\/link\/c\/YT0yMTA1OTA1NDQwODA5Mjk0NjAwJmM9czBrMSZlPTAmYj0xMDU0NDU3NDU0JmQ9djlpM2E5Zw==.QV3UQuJ2PJLk7XBC-oKPm3ypJNuYfTtVoTH3_xG6P-E\" target=\"_blank\">Hur t\u00e4nker svenska resen\u00e4rer om sitt resande, november 2022<\/a><\/p>\n\n\n\n<h2 class=\"wp-block-heading\">Ny kunskap om den naturintresserade m\u00e5lgruppen<\/h2>\n\n\n\n<p>Visit Sweden har tillsammans med Tillv\u00e4xtverket genomf\u00f6rt ett antal unders\u00f6kningar f\u00f6r att kartl\u00e4gga hur naturturismen ser ut efter pandemin. Delar presenterades p\u00e5 webbinariet som s\u00e4ndes den 24 november, men allt finns att ta del av i Visit Swedens kunskapsbank. Bland annat:Aktuella trender inom naturturism.F\u00f6rdjupad m\u00e5lgruppsanalys.Naturturismrelaterade s\u00f6kningar p\u00e5 Google.Vad tycker v\u00e5ra bes\u00f6kare?\u00a0Intervjuer fr\u00e5n i somras.\u00a0<a rel=\"noreferrer noopener\" href=\"https:\/\/click.mlsend2.com\/link\/c\/YT0yMTA1OTA1NDQwODA5Mjk0NjAwJmM9czBrMSZlPTAmYj0xMDU0NDU3NDYyJmQ9azlwN2s2dA==.9yJibZlgduGQbxe3AigHKXVTahOOeO4GxxNhTEyD1pU\" target=\"_blank\">Ta del av alla nya kunskaper om den naturintresserade m\u00e5lgruppen<\/a><\/p>\n\n\n\n<p><a rel=\"noreferrer noopener\" href=\"https:\/\/click.mlsend2.com\/link\/c\/YT0yMTA1OTA1NDQwODA5Mjk0NjAwJmM9czBrMSZlPTAmYj0xMDU0NDU3NDY4JmQ9ajVoNWU5Zw==.4kQ6cEm-Wja4CsPq8UK-0fWhtvMRN6e4RTJT5wAIydw\" target=\"_blank\">Titta p\u00e5 inspelningen av webbinariet p\u00e5 temat naturturism fr\u00e5n den 24 november (59 minuter)\u00a0<\/a><\/p>\n","protected":false},"author":2,"featured_media":0,"template":"","class_list":["post-2671","news","type-news","status-publish","hentry"],"acf":[],"lang":"sv","translations":{"sv":2671},"pll_sync_post":[],"_links":{"self":[{"href":"https:\/\/www.visitvarmland.com\/corporate\/wp-json\/wp\/v2\/news\/2671","targetHints":{"allow":["GET"]}}],"collection":[{"href":"https:\/\/www.visitvarmland.com\/corporate\/wp-json\/wp\/v2\/news"}],"about":[{"href":"https:\/\/www.visitvarmland.com\/corporate\/wp-json\/wp\/v2\/types\/news"}],"author":[{"embeddable":true,"href":"https:\/\/www.visitvarmland.com\/corporate\/wp-json\/wp\/v2\/users\/2"}],"wp:attachment":[{"href":"https:\/\/www.visitvarmland.com\/corporate\/wp-json\/wp\/v2\/media?parent=2671"}],"curies":[{"name":"wp","href":"https:\/\/api.w.org\/{rel}","templated":true}]}}