{"id":2798,"date":"2023-01-20T11:46:12","date_gmt":"2023-01-20T10:46:12","guid":{"rendered":"https:\/\/www.visitvarmland.com\/corporate\/?post_type=news&#038;p=2798"},"modified":"2024-06-03T17:47:05","modified_gmt":"2024-06-03T15:47:05","slug":"sok-stod-fran-region-varmland","status":"publish","type":"news","link":"https:\/\/www.visitvarmland.com\/corporate\/nyheter\/sok-stod-fran-region-varmland\/","title":{"rendered":"S\u00f6k st\u00f6d fr\u00e5n Region V\u00e4rmland"},"content":{"rendered":"\n<h2 class=\"wp-block-heading\">&#8221;Sm\u00e5f\u00f6retagschecken&#8221;<\/h2>\n\n\n\n<p>Region V\u00e4rmland har lanseras ett nytt st\u00f6d till sm\u00e5f\u00f6retagare. Under 2023 har sm\u00e5 f\u00f6retag i hela V\u00e4rmland m\u00f6jlighet att ans\u00f6ka om ett nytt och brett st\u00f6d. Den s\u00e5 kallade sm\u00e5f\u00f6retagschecken \u00e4r till f\u00f6r f\u00f6retag som vill v\u00e4xa och har behov av att m\u00f6ta nya f\u00f6ruts\u00e4ttningar.<br><br><a href=\"https:\/\/trk.idrelay.com\/2994\/clk?q=bb2-551a-000054e20bb20000000000000000230f-5216a205886342d279cc33d04fd57f44&amp;c=7b1d52729d\" target=\"_blank\" rel=\"noopener\"><strong>L\u00e4s mer p\u00e5 Region V\u00e4rmlands webb.<\/strong><\/a><\/p>\n\n\n\n<h2 class=\"wp-block-heading\">Energist\u00f6d<\/h2>\n\n\n\n<p>Region V\u00e4rmlands energist\u00f6d f\u00f6rl\u00e4ngs i nytt format. Under h\u00f6sten har 39 f\u00f6retag f\u00e5tt hj\u00e4lp att se \u00f6ver sin elanv\u00e4ndning via Region V\u00e4rmlands energist\u00f6d. Nu kan \u00e4nnu fler f\u00f6retag f\u00e5 hj\u00e4lp via projektet Milj\u00f6driven tillv\u00e4xt i V\u00e4rmland.<\/p>\n\n\n\n<p>Med fortsatt h\u00f6ga elpriser och ett anstr\u00e4ngt energil\u00e4ge har Region V\u00e4rmland sett \u00f6ver m\u00f6jligheterna att l\u00e5ta fler f\u00f6retag s\u00f6ka hj\u00e4lp f\u00f6r att se \u00f6ver sin elanv\u00e4ndning. Via projektet Milj\u00f6driven tillv\u00e4xt i V\u00e4rmland, som finansieras av den Europeiska regionala utvecklingsfonden, kan Region V\u00e4rmland \u00e5terigen erbjuda f\u00f6retag m\u00f6jligheten att boka en energiexpert som kommer ut till f\u00f6retaget och ser \u00f6ver elanv\u00e4ndningen.<\/p>\n\n\n\n<p><a href=\"https:\/\/trk.idrelay.com\/2994\/clk?q=bb2-551a-000054e20bb20000000000000000230f-0b4d7f9c3f4c0019773701e94f470604&amp;c=68c1d2f256\" target=\"_blank\" rel=\"noopener\"><strong>L\u00e4s mer p\u00e5 Region V\u00e4rmlands webb.<\/strong><\/a><\/p>\n","protected":false},"author":2,"featured_media":0,"template":"","class_list":["post-2798","news","type-news","status-publish","hentry"],"acf":[],"lang":"sv","translations":{"sv":2798},"pll_sync_post":[],"_links":{"self":[{"href":"https:\/\/www.visitvarmland.com\/corporate\/wp-json\/wp\/v2\/news\/2798","targetHints":{"allow":["GET"]}}],"collection":[{"href":"https:\/\/www.visitvarmland.com\/corporate\/wp-json\/wp\/v2\/news"}],"about":[{"href":"https:\/\/www.visitvarmland.com\/corporate\/wp-json\/wp\/v2\/types\/news"}],"author":[{"embeddable":true,"href":"https:\/\/www.visitvarmland.com\/corporate\/wp-json\/wp\/v2\/users\/2"}],"wp:attachment":[{"href":"https:\/\/www.visitvarmland.com\/corporate\/wp-json\/wp\/v2\/media?parent=2798"}],"curies":[{"name":"wp","href":"https:\/\/api.w.org\/{rel}","templated":true}]}}