{"id":2803,"date":"2023-01-23T10:35:34","date_gmt":"2023-01-23T09:35:34","guid":{"rendered":"https:\/\/www.visitvarmland.com\/corporate\/?post_type=news&#038;p=2803"},"modified":"2024-06-03T17:47:05","modified_gmt":"2024-06-03T15:47:05","slug":"bfuf-play-nu-med-poddar","status":"publish","type":"news","link":"https:\/\/www.visitvarmland.com\/corporate\/nyheter\/bfuf-play-nu-med-poddar\/","title":{"rendered":"BFUF Play \u2013 nu med poddar"},"content":{"rendered":"\n<p>Nu \u00e4r det \u00e4nnu l\u00e4ttare att ta del av BFUFs Masterclasser genom nya poddversioner. Enkelt att lyssna p\u00e5 var du \u00e4n befinner dig.<\/p>\n\n\n\n<ul class=\"wp-block-list\"><li><strong>Attraktiva arbetsgivare \u2013\u00a0Employer branding i bes\u00f6ksn\u00e4ringen<\/strong><br><em>Anna N\u00e4pp\u00e4<\/em>\u00a0och\u00a0<em>Maria Ek Styv\u00e9n<\/em>, Lule\u00e5 tekniska universitet. Medverkar g\u00f6r ocks\u00e5\u00a0<em>Fredrik Eriksson<\/em>, L\u00e5ngbro v\u00e4rdshus och Restaurang Nationalmuseum.<\/li><li><strong>Har ni specialkost \u2013\u00a0Specialkosten och hur den p\u00e5verkar grupp- och\u00a0konferensbokningar<\/strong><br><em>Richard Tellstr\u00f6m<\/em>, docent i m\u00e5ltidskunskap och expert vid SLU Food. Medverkar g\u00f6r ocks\u00e5\u00a0<em>Lena Andersson,<\/em>\u00a0platschef och vice vd vid Sigtunah\u00f6jden Hotell &amp; konferens och\u00a0<em>Jens Dolk<\/em>, kr\u00f6gare K-m\u00e4rkt.<\/li><li><strong>Naturligtvis! \u2013\u00a0Tillg\u00e4nglig och inkluderande naturturism<\/strong><br><em>Kristin Godtman Kling<\/em>\u00a0och\u00a0<em>Sandra Wall-Reinius<\/em>, forskare vid Mittuniversitetet. Medverkar g\u00f6r ocks\u00e5\u00a0<em>Karolina Celinska<\/em>, r\u00e4ttighetspolitisk samordnare p\u00e5 DHR och\u00a0<em>Conny Elf<\/em>, projektledare vid FiskaiBerg.<\/li><li><strong>S\u00e4kert! \u2013\u00a0Upplevd trygghet p\u00e5 svenska bes\u00f6ksm\u00e5l<\/strong><br><em>Cecilia Cassinger<\/em>\u00a0och\u00a0<em>Ola Thufvesson<\/em>, forskare vid Lunds universitet. Medverkar g\u00f6r ocks\u00e5\u00a0<em>Anders Frideh\u00e4ll<\/em>, s\u00e4kerhetschef p\u00e5 Liseberg.<\/li><li><strong>\u00c4ta ute \u2013\u00a0Vad, var och hur tj\u00e4nsteresen\u00e4ren \u00e4ter<\/strong><br><em>Joachim Sundqvist<\/em>, forskare vid institutionen f\u00f6r kost- och m\u00e5ltidsvetenskap, Ume\u00e5 universitet. Medverkar g\u00f6r ocks\u00e5\u00a0<em>Elisabeth Haglund<\/em>, vd Hotel Tyl\u00f6sand.<\/li><\/ul>\n\n\n\n<p><\/p>\n\n\n\n<p>Du hittar poddarna p\u00e5 BFUF Play&nbsp;<a href=\"https:\/\/bfuf.us7.list-manage.com\/track\/click?u=aacb48570fdc33be0755dac8e&amp;id=e86e50e2ce&amp;e=7c68db53ef\" target=\"_blank\" rel=\"noreferrer noopener\">h\u00e4r<\/a>&nbsp;och p\u00e5 Soundcloud&nbsp;<a href=\"https:\/\/bfuf.us7.list-manage.com\/track\/click?u=aacb48570fdc33be0755dac8e&amp;id=9998a990dc&amp;e=7c68db53ef\" target=\"_blank\" rel=\"noreferrer noopener\">h\u00e4r<\/a>.&nbsp;Poddarna \u00e4r cirka 30 minuter.<br>Till varje Masterclass finns en inspirationsfilm p\u00e5 2 minuter och en BFUF-rapport.<br>Du hittar alltid BFUF Play&nbsp;<a href=\"https:\/\/bfuf.us7.list-manage.com\/track\/click?u=aacb48570fdc33be0755dac8e&amp;id=373e741609&amp;e=7c68db53ef\" target=\"_blank\" rel=\"noreferrer noopener\">h\u00e4r<\/a>.<\/p>\n\n\n\n<p><strong>Trevlig lyssning!<\/strong><\/p>\n","protected":false},"author":2,"featured_media":0,"template":"","class_list":["post-2803","news","type-news","status-publish","hentry"],"acf":[],"lang":"sv","translations":{"sv":2803},"pll_sync_post":[],"_links":{"self":[{"href":"https:\/\/www.visitvarmland.com\/corporate\/wp-json\/wp\/v2\/news\/2803","targetHints":{"allow":["GET"]}}],"collection":[{"href":"https:\/\/www.visitvarmland.com\/corporate\/wp-json\/wp\/v2\/news"}],"about":[{"href":"https:\/\/www.visitvarmland.com\/corporate\/wp-json\/wp\/v2\/types\/news"}],"author":[{"embeddable":true,"href":"https:\/\/www.visitvarmland.com\/corporate\/wp-json\/wp\/v2\/users\/2"}],"wp:attachment":[{"href":"https:\/\/www.visitvarmland.com\/corporate\/wp-json\/wp\/v2\/media?parent=2803"}],"curies":[{"name":"wp","href":"https:\/\/api.w.org\/{rel}","templated":true}]}}