{"id":2827,"date":"2023-01-27T12:26:27","date_gmt":"2023-01-27T11:26:27","guid":{"rendered":"https:\/\/www.visitvarmland.com\/corporate\/?post_type=news&#038;p=2827"},"modified":"2024-06-03T17:47:05","modified_gmt":"2024-06-03T15:47:05","slug":"bilden-av-varmland","status":"publish","type":"news","link":"https:\/\/www.visitvarmland.com\/corporate\/nyheter\/bilden-av-varmland\/","title":{"rendered":"Bilden av V\u00e4rmland"},"content":{"rendered":"\n<p>Vad \u00e4r v\u00e5r egen och andras uppfattning om V\u00e4rmland? Som ett led i arbetet med uppf\u00f6ljningen av V\u00e4rmlandsstrategin och arbetet med att st\u00e4rka bilden av V\u00e4rmland l\u00e5ter Region V\u00e4rmland regelbundet g\u00f6ra en s\u00e5 kallad attitydm\u00e4tning. Den senaste externa m\u00e4tningen gjordes 2021 och en m\u00e4tning inom l\u00e4net gjordes 2022.<\/p>\n\n\n\n<p>Idag presenterades attitydunders\u00f6kningen Bilden av V\u00e4rmland &#8211; S\u00e5 tycker v\u00e4rml\u00e4nningarna av Jenny H\u00f6\u00f6g, regional utvecklingsstrateg, Erik Evestam (C), ordf\u00f6rande Regionala utvecklingsn\u00e4mnden, Stina H\u00f6\u00f6k (M), vice Regionala utvecklingsn\u00e4mnden och Nina Engdahl, Attityd i Kaglstsd AB. Det var en v\u00e4ldigt positiv bild som presenterades. Bes\u00f6ksn\u00e4ringen fick fina siffror. <a rel=\"noreferrer noopener\" href=\"https:\/\/regionvarmland.se\/regionvarmland\/utveckling-tillvaxt\/varumarket-varmland\/bilden-av-varmland?fbclid=IwAR167IgA7lELKfdBsC_hsg27xdsy6DfmQWG8TBykDhriMPjiklR2ce88ctk\" target=\"_blank\">L\u00e4s mer och ladda ner rapporten h\u00e4r.<\/a><\/p>\n","protected":false},"author":2,"featured_media":0,"template":"","class_list":["post-2827","news","type-news","status-publish","hentry"],"acf":[],"lang":"sv","translations":{"sv":2827},"pll_sync_post":[],"_links":{"self":[{"href":"https:\/\/www.visitvarmland.com\/corporate\/wp-json\/wp\/v2\/news\/2827","targetHints":{"allow":["GET"]}}],"collection":[{"href":"https:\/\/www.visitvarmland.com\/corporate\/wp-json\/wp\/v2\/news"}],"about":[{"href":"https:\/\/www.visitvarmland.com\/corporate\/wp-json\/wp\/v2\/types\/news"}],"author":[{"embeddable":true,"href":"https:\/\/www.visitvarmland.com\/corporate\/wp-json\/wp\/v2\/users\/2"}],"wp:attachment":[{"href":"https:\/\/www.visitvarmland.com\/corporate\/wp-json\/wp\/v2\/media?parent=2827"}],"curies":[{"name":"wp","href":"https:\/\/api.w.org\/{rel}","templated":true}]}}