{"id":2829,"date":"2023-01-27T12:27:40","date_gmt":"2023-01-27T11:27:40","guid":{"rendered":"https:\/\/www.visitvarmland.com\/corporate\/?post_type=news&#038;p=2829"},"modified":"2024-06-03T17:47:05","modified_gmt":"2024-06-03T15:47:05","slug":"nytt-kring-uppghovsratt-och-immaterialratt","status":"publish","type":"news","link":"https:\/\/www.visitvarmland.com\/corporate\/nyheter\/nytt-kring-uppghovsratt-och-immaterialratt\/","title":{"rendered":"Nytt kring uppghovsr\u00e4tt och immaterialr\u00e4tt"},"content":{"rendered":"\n<h2 class=\"wp-block-heading\"><strong>NU BLIR UPPHOVSR\u00c4TTSLAGEN MER DIGITAL<\/strong><\/h2>\n\n\n\n<p>Den 1 januari fick Sverige en ny uppdaterad upphovsr\u00e4ttslag. \u00c4ndringarna bygger p\u00e5 ett EU-direktiv och syftar till att g\u00f6ra EU-l\u00e4ndernas lagstiftning mer lika och b\u00e4ttre anpassad till digitaliseringen. <a rel=\"noreferrer noopener\" href=\"https:\/\/evt.ungpd.com\/Issues\/c5dbcf85-a4a2-4af7-84a8-049899ddbc33\/Click?ContactId=d8d47518-af4a-450c-b542-036a5190d581&amp;url=https%3A%2F%2Fverksamt.se%2Fuppdaterad-upphovsrattslag%3Futm_medium%3Demail%26utm_source%3DUngapped%26utm_campaign%3DNytt%2Bf%25c3%25b6rm%25c3%25a5nsv%25c3%25a4rde%2Bf%25c3%25b6r%2Bbilen%2B%257c%2BViktigt%2Batt%2Bg%25c3%25b6ra%2Bi%2Bjanuari!%26ug_cid%3Dd8d47518-af4a-450c-b542-036a5190d581&amp;fbclid=IwAR1AJswA3luKDl3kkmgzkYHQ7B7ULJ5usVrSjoVYMlLgPT8hK2NJtHVjOJs\" target=\"_blank\">Mer om den uppdaterade upphovsr\u00e4ttslagen<\/a><\/p>\n\n\n\n<p>Riksdagen sa ja till regeringens f\u00f6rslag om \u00e4ndringar i bland annat upphovsr\u00e4ttslagen. F\u00f6rslagen bygger p\u00e5 ett EU-direktiv och inneh\u00e5ller nya regler som handlar om att anpassa upphovsr\u00e4tten till den digitala utvecklingen.<\/p>\n\n\n\n<p>I takt med att den digitala tekniken m\u00f6jligg\u00f6r nya former av anv\u00e4ndning av upphovsr\u00e4ttsskyddat material beh\u00f6ver den svenska upphovsr\u00e4ttslagstiftningen moderniseras. Regeringens f\u00f6rslag inneb\u00e4r bland annat inskr\u00e4nkningar i upphovsr\u00e4tten f\u00f6r att underl\u00e4tta undervisning och forskning, men \u00e4ven f\u00f6r att kulturarvet ska kunna bevaras. Dessutom inneb\u00e4r det nya best\u00e4mmelser f\u00f6r att fritt kunna \u00e5terge \u00e4ldre konstverk.<\/p>\n\n\n\n<p>F\u00f6rslaget inneb\u00e4r \u00e4ven att tidningsf\u00f6retagen ska kunna f\u00e5 ers\u00e4ttning n\u00e4r deras material \u00e5teranv\u00e4nds p\u00e5 internet. Det blir ocks\u00e5 nya best\u00e4mmelser som reglerar ansvaret n\u00e4r anv\u00e4ndarna sj\u00e4lva laddar upp material p\u00e5 olika digitala plattformar. Leverant\u00f6rerna av dessa tj\u00e4nster och plattformar ska ing\u00e5 avtal med de r\u00e4ttsinnehavare som vill det, men ocks\u00e5 vara skyldiga att agera n\u00e4r material laddas upp mot r\u00e4ttsinnehavarens vilja.<\/p>\n\n\n\n<p>Slutligen inf\u00f6rs ett antal regler f\u00f6r att st\u00e4rka avtalspositionen f\u00f6r upphovsm\u00e4n, n\u00e4r de \u00f6verl\u00e5ter sina r\u00e4ttigheter till f\u00f6rlag, producenter, tidningar eller andra akt\u00f6rer p\u00e5 den upphovsr\u00e4ttsliga marknaden.<\/p>\n\n\n\n<p>Lag\u00e4ndringarna b\u00f6rjar g\u00e4lla den 1 januari 2023.<\/p>\n\n\n\n<h2 class=\"wp-block-heading\"><strong>BEH\u00d6VER DU ETT GOTT R\u00c5D OM IMMATERIALR\u00c4TT?<\/strong><\/h2>\n\n\n\n<p>PRV:s bibliotek erbjuder v\u00e4gledning om patent, varum\u00e4rkes- och designskydd. I upp till 45 minuter f\u00e5r du gratis st\u00f6d och svar p\u00e5 dina fr\u00e5gor om till exempel hur du kan ta reda p\u00e5 om din id\u00e9 \u00e4r ny, vad du b\u00f6r g\u00f6ra innan du l\u00e4mnar in din ans\u00f6kan och vad som h\u00e4nder efter\u00e5t. Boka tid f\u00f6r grundl\u00e4ggande v\u00e4gledning. <a rel=\"noreferrer noopener\" href=\"https:\/\/evt.ungpd.com\/Issues\/c5dbcf85-a4a2-4af7-84a8-049899ddbc33\/Click?ContactId=d8d47518-af4a-450c-b542-036a5190d581&amp;url=https%3A%2F%2Fwww.prv.se%2Fsv%2Fkunskap-och-stod%2Fprvs-bibliotek%2F%3Futm_medium%3Demail%26utm_source%3DUngapped%26utm_campaign%3DNytt%2Bf%25c3%25b6rm%25c3%25a5nsv%25c3%25a4rde%2Bf%25c3%25b6r%2Bbilen%2B%257c%2BViktigt%2Batt%2Bg%25c3%25b6ra%2Bi%2Bjanuari!%26ug_cid%3Dd8d47518-af4a-450c-b542-036a5190d581&amp;fbclid=IwAR1w2Rff6znJi0ZlrLSSbv7BAo7l-TteHy5-uwhZSvaWo7uvPq_D-vsfi8g\" target=\"_blank\">S\u00e5 funkar biblioteket | PRV<\/a><\/p>\n","protected":false},"author":2,"featured_media":0,"template":"","class_list":["post-2829","news","type-news","status-publish","hentry"],"acf":[],"lang":"sv","translations":{"sv":2829},"pll_sync_post":[],"_links":{"self":[{"href":"https:\/\/www.visitvarmland.com\/corporate\/wp-json\/wp\/v2\/news\/2829","targetHints":{"allow":["GET"]}}],"collection":[{"href":"https:\/\/www.visitvarmland.com\/corporate\/wp-json\/wp\/v2\/news"}],"about":[{"href":"https:\/\/www.visitvarmland.com\/corporate\/wp-json\/wp\/v2\/types\/news"}],"author":[{"embeddable":true,"href":"https:\/\/www.visitvarmland.com\/corporate\/wp-json\/wp\/v2\/users\/2"}],"wp:attachment":[{"href":"https:\/\/www.visitvarmland.com\/corporate\/wp-json\/wp\/v2\/media?parent=2829"}],"curies":[{"name":"wp","href":"https:\/\/api.w.org\/{rel}","templated":true}]}}