{"id":2880,"date":"2023-02-02T14:40:52","date_gmt":"2023-02-02T13:40:52","guid":{"rendered":"https:\/\/www.visitvarmland.com\/corporate\/?post_type=news&#038;p=2880"},"modified":"2024-06-03T17:47:05","modified_gmt":"2024-06-03T15:47:05","slug":"tillbaka-till-framtiden-pa-en-granslos-plats","status":"publish","type":"news","link":"https:\/\/www.visitvarmland.com\/corporate\/nyheter\/tillbaka-till-framtiden-pa-en-granslos-plats\/","title":{"rendered":"Tillbaka till framtiden \u2013 p\u00e5 en gr\u00e4nsl\u00f6s plats"},"content":{"rendered":"\n<p>Mattila med omnejd \u00e4r sedan \u00e5rhundraden pr\u00e4glat av Finnkulturen och de m\u00e4nniskor som befolkat omr\u00e5det. En plats utan gr\u00e4nser d\u00e4r samverkan och granns\u00e4mja har varit viktiga delar i den kultur som utvecklats. Nu p\u00e5g\u00e5r ett arbete med att utveckla platsen genom historien.<\/p>\n\n\n\n<p>\u2013 Mattila \u00e4r en plats fylld av tidsepoker, fyra \u00e5rhundraden med historier kring skogsfinnar och deras traditioner, kultur och byggnader till det mer nutida som \u00e4r i fokus f\u00f6r kommande arbete. I dagens oroliga tid n\u00e4r hotet utifr\u00e5n \u00e4r mer verkligt \u00e4n p\u00e5 l\u00e4nge, s\u00e5 k\u00e4nns det angel\u00e4get att p\u00e5minna om och lyfta fram ber\u00e4ttelser fr\u00e5n andra v\u00e4rldskriget, att ber\u00e4tta historier om det som skedde f\u00f6r bara n\u00e5gra \u00e5rtionden sedan, s\u00e4ger Bengt Fjellstedt talesperson och drivkraft i Mattila.<\/p>\n\n\n\n<p>V\u00e4rmlandsantikvarien Terese Myrin samlade under h\u00f6sten in ber\u00e4ttelser kring tiden fr\u00e5n andra v\u00e4rldskriget i Mattila, om m\u00e4nniskorna under denna tid som riskerade livet f\u00f6r sina grannar. Med sig p\u00e5 resan hade hon Christer Nilsson som under 30 \u00e5rs tid har intervjuat och samlat material om minnen fr\u00e5n Finnskogen, d\u00e4ribland historier fr\u00e5n andra v\u00e4rldskriget.<\/p>\n\n\n\n<p>Arbetet resulterade i en rapport med \u00f6ver 60 skildringar fr\u00e5n h\u00e4ndelser i och omkring Mattila under krigstiden.<\/p>\n\n\n\n<p>\u2013 Det \u00e4r s\u00e5 speciellt med gr\u00e4nstrakter, fr\u00e5gan \u00e4r om det ens existerat en gr\u00e4ns f\u00f6r m\u00e4nniskor i detta skogslandskap. Men pl\u00f6tsligt befann sig sl\u00e4ktingar och v\u00e4nner, arbetskamrater, f\u00e4stm\u00e4n och f\u00e4stm\u00f6r i ett land i krig. \u00d6ver gr\u00e4nsen kom flyktingar och desert\u00f6rer och i motsatt riktning fraktades meddelanden, vapen och f\u00f6rn\u00f6denheter till motst\u00e5ndsr\u00f6relsen i Norge. Kvinnor, m\u00e4n och \u00e4ven barn visade prov p\u00e5 stort mod och medm\u00e4nsklighet som lotsar och kurirer. Det \u00e4r n\u00e4r man kommer m\u00e4nniskorna n\u00e4ra som historien k\u00e4nns verklig, s\u00e4ger V\u00e4rmlandsantikvarien Terese Myrin.<\/p>\n\n\n\n<h2 class=\"wp-block-heading\">Inspirationsdag i Mattila<\/h2>\n\n\n\n<p>Visit V\u00e4rmland, Compare, Nordsj\u00f6projektet COM3 och Mattila bjuder nu in boende i omr\u00e5det, akt\u00f6rer, f\u00f6retag och andra intresserade och engagerade av Mattila med omnejd den 15 februari mellan 10.00-15.00 f\u00f6r en inspirerande dag i Mattila. Under f\u00f6rmiddagen reser vi tillbaka till 1940-talet och V\u00e4rmlandsantikvarien Terese Myrin ber\u00e4ttar om sitt arbete. D\u00e4refter workshopar vi tillsammans.<\/p>\n\n\n\n<p>\u2013 Vi vill f\u00e5 m\u00f6jlighet till inspel och att lyssna in deltagarnas bidrag, f\u00e5 kunskaper om Mattilas historia, skapa delaktighet och f\u00e5 f\u00f6rankring hos b\u00e5de boende, akt\u00f6rer och andra intressenter n\u00e4r vi tar ett steg mot framtiden med hj\u00e4lp av historierna fr\u00e5n gr\u00e4nstrakterna i Mattila, s\u00e4ger Pernilla Bredberg projektledare p\u00e5 Visit V\u00e4rmland.<\/p>\n\n\n\n<p>Med oss p\u00e5 resan finns \u00e4ven Placebrander som bidrar med kunskap och inspiration kring att utveckla attraktiva platser och Advant som leder dagen och har f\u00e5tt uppdraget att utveckla ett koncept f\u00f6r Mattila med omnejd.<\/p>\n\n\n\n<p>\u2013 I Nordsj\u00f6projektet COM3 arbetar vi fram piloter f\u00f6r att dra nytta av digitaliseringens m\u00f6jligheter p\u00e5 landsbygden. Det \u00e4r d\u00e4rf\u00f6r kul att projektet kunnat st\u00f6tta med att utforska historier fr\u00e5n andra v\u00e4rldskriget som ett f\u00f6rsta steg i n\u00e5got st\u00f6rre. Med dessa historier, i kombination med andra m\u00f6jligheter och tillg\u00e5ngar p\u00e5 platsen, hoppas vi nu kunna p\u00e5b\u00f6rja n\u00e5got riktigt sp\u00e4nnande den 15 feb i Mattila, som kan sedan kan utvecklas, testas, utv\u00e4rderas och skalas upp till andra delar av Finnskogen men \u00e4ven andra platser, s\u00e4ger Anders Solberg projektledare p\u00e5 Compare.<\/p>\n\n\n\n<p>N\u00e5gra utg\u00e5ngspunkter i arbetet \u00e4r:<\/p>\n\n\n\n<ul class=\"wp-block-list\"><li>Historier kring andra v\u00e4rldskriget i Mattila<\/li><li>Levandeg\u00f6ra historierna<\/li><li>H\u00e5llbar platsutveckling<\/li><li>\u00d6ka bel\u00e4ggningen<\/li><li>Samverkan med platsen som utg\u00e5ngspunkt.<\/li><\/ul>\n\n\n\n<p>V\u00e4lkommen h\u00e4lsar Visit V\u00e4rmland, Compare, Nordsj\u00f6projektet COM3 och Mattila.<\/p>\n\n\n\n<p><a href=\"https:\/\/www.visitvarmland.com\/corporate\/aktiviteter\/tillbaka-till-framtiden-pa-en-granslos-plats\/\" target=\"_blank\" rel=\"noreferrer noopener\">Vill du delta? Anm\u00e4l dig h\u00e4r!<\/a><\/p>\n","protected":false},"author":2,"featured_media":0,"template":"","class_list":["post-2880","news","type-news","status-publish","hentry"],"acf":[],"lang":"sv","translations":{"sv":2880},"pll_sync_post":[],"_links":{"self":[{"href":"https:\/\/www.visitvarmland.com\/corporate\/wp-json\/wp\/v2\/news\/2880","targetHints":{"allow":["GET"]}}],"collection":[{"href":"https:\/\/www.visitvarmland.com\/corporate\/wp-json\/wp\/v2\/news"}],"about":[{"href":"https:\/\/www.visitvarmland.com\/corporate\/wp-json\/wp\/v2\/types\/news"}],"author":[{"embeddable":true,"href":"https:\/\/www.visitvarmland.com\/corporate\/wp-json\/wp\/v2\/users\/2"}],"wp:attachment":[{"href":"https:\/\/www.visitvarmland.com\/corporate\/wp-json\/wp\/v2\/media?parent=2880"}],"curies":[{"name":"wp","href":"https:\/\/api.w.org\/{rel}","templated":true}]}}