{"id":2912,"date":"2023-02-07T15:12:35","date_gmt":"2023-02-07T14:12:35","guid":{"rendered":"https:\/\/www.visitvarmland.com\/corporate\/?post_type=news&#038;p=2912"},"modified":"2024-06-03T17:47:05","modified_gmt":"2024-06-03T15:47:05","slug":"varmland-vilken-aterhamtning-av-kommersiella-overnattningar-under-2022","status":"publish","type":"news","link":"https:\/\/www.visitvarmland.com\/corporate\/nyheter\/varmland-vilken-aterhamtning-av-kommersiella-overnattningar-under-2022\/","title":{"rendered":"V\u00e4rmland \u2013 Vilken \u00e5terh\u00e4mtning av kommersiella \u00f6vernattningar under 2022!"},"content":{"rendered":"\n<p>SCBs prelimin\u00e4ra siffror \u00f6ver g\u00e4stn\u00e4tter under 2022 visar ett fantastiskt resultat f\u00f6r V\u00e4rmland. J\u00e4mf\u00f6rt med andra svenska regioner s\u00e5 st\u00e5r V\u00e4rmland sig v\u00e4ldigt starkt med \u00f6ver 41 procents \u00f6kning mot 2021, vilket \u00e4r den n\u00e4st st\u00f6rsta \u00e5terh\u00e4mtningen efter Region Stockholm (drygt 55 procent).<\/p>\n\n\n\n<p>\u2013\u00d6vernattningssifforna tyder p\u00e5 en god \u00e5terh\u00e4mtning av bes\u00f6ksn\u00e4ringen i V\u00e4rmland. Totalt \u00e4r V\u00e4rmland under 2022 i niv\u00e5 med siffrorna innan pandemin och j\u00e4mf\u00f6rt med 2019 ser vi en \u00f6kning p\u00e5 nationella g\u00e4ster med n\u00e4stan 6 procent, vilket tyder p\u00e5 att fler inhemska bes\u00f6kare och nya m\u00e5lgrupper har uppt\u00e4ckt V\u00e4rmland. Det gl\u00e4djer oss och vi forts\u00e4tter att skapa f\u00f6ruts\u00e4ttningar f\u00f6r fler b\u00e5de nationella och internationella bes\u00f6kare ska kunna ta del av V\u00e4rmlands upplevelser, s\u00e4ger Mia Landin vd p\u00e5 Visit V\u00e4rmland.&nbsp;<\/p>\n\n\n\n<p>Under januari \u2013 december 2022 hade V\u00e4rmland 2.6 miljoner g\u00e4stn\u00e4tter (Karlskoga och Degerfors inr\u00e4knat), en \u00f6kning med 41 procent j\u00e4mf\u00f6rt med 2021. Drygt 1.8 miljoner g\u00e4stn\u00e4tter spenderades i V\u00e4rmland av inhemska bes\u00f6kare och drygt 760.000 av internationella bes\u00f6kare.<\/p>\n\n\n\n<p>V\u00e4rmland har under 2022 f\u00e5tt tillbaka utl\u00e4ndska g\u00e4ster i n\u00e4stan samma omfattning som innan pandemin. Bes\u00f6kare fr\u00e5n Norge \u00e4r fortsatt V\u00e4rmlands st\u00f6rsta internationella marknad med drygt 400.000 g\u00e4stn\u00e4tter (443 procents \u00f6kning j\u00e4mf\u00f6rt med 2021), f\u00f6ljt av Tyskland, Nederl\u00e4nderna och Danmark. Det finns dock marknader som V\u00e4rmland saknar under 2022, fr\u00e4mst Kina som bidragit med asiatiska bes\u00f6kare.<\/p>\n\n\n\n<p>\u2013Vi har stor tilltro f\u00f6r V\u00e4rmlands bes\u00f6ksn\u00e4ring under 2023, \u00e4ven om detta \u00e5r ocks\u00e5 b\u00e4r p\u00e5 utmaningar f\u00f6r hela samh\u00e4llet med \u00f6kade livsmedel- och elpriser samt bristen p\u00e5 kompetens och personal i n\u00e4ringen. Vi ser redan m\u00e5nga nya tankar, innovationer och samarbeten v\u00e4xa fram, s\u00e5 utmaningarna kommer att f\u00f6ra en del gott med sig ocks\u00e5, s\u00e4ger Mia Landin.<\/p>\n","protected":false},"author":2,"featured_media":0,"template":"","class_list":["post-2912","news","type-news","status-publish","hentry"],"acf":[],"lang":"sv","translations":{"sv":2912},"pll_sync_post":[],"_links":{"self":[{"href":"https:\/\/www.visitvarmland.com\/corporate\/wp-json\/wp\/v2\/news\/2912","targetHints":{"allow":["GET"]}}],"collection":[{"href":"https:\/\/www.visitvarmland.com\/corporate\/wp-json\/wp\/v2\/news"}],"about":[{"href":"https:\/\/www.visitvarmland.com\/corporate\/wp-json\/wp\/v2\/types\/news"}],"author":[{"embeddable":true,"href":"https:\/\/www.visitvarmland.com\/corporate\/wp-json\/wp\/v2\/users\/2"}],"wp:attachment":[{"href":"https:\/\/www.visitvarmland.com\/corporate\/wp-json\/wp\/v2\/media?parent=2912"}],"curies":[{"name":"wp","href":"https:\/\/api.w.org\/{rel}","templated":true}]}}