{"id":2913,"date":"2023-02-08T08:46:37","date_gmt":"2023-02-08T07:46:37","guid":{"rendered":"https:\/\/www.visitvarmland.com\/corporate\/?post_type=news&#038;p=2913"},"modified":"2024-06-03T17:47:05","modified_gmt":"2024-06-03T15:47:05","slug":"170-affarsmoten-mellan-lokala-matproducenter-och-besoksnaringsforetag","status":"publish","type":"news","link":"https:\/\/www.visitvarmland.com\/corporate\/nyheter\/170-affarsmoten-mellan-lokala-matproducenter-och-besoksnaringsforetag\/","title":{"rendered":"170 aff\u00e4rsm\u00f6ten mellan lokala matproducenter och bes\u00f6ksn\u00e4ringsf\u00f6retag"},"content":{"rendered":"\n<p>Den 9 februari bjuder Visit V\u00e4rmland och Nifa tillsammans in till en heldag p\u00e5 Elite Stadshotellet i Karlstad f\u00f6r att skapa samverkan mellan lokala matproducenter och bes\u00f6ksn\u00e4ringsf\u00f6retag i V\u00e4rmland. Under dagen ges m\u00f6jlighet till n\u00e4tverkande och speed dating (individuella m\u00f6ten) mellan f\u00f6retagen.<\/p>\n\n\n\n<p>\u2013 Det \u00e4r ett tillf\u00e4lle f\u00f6r att utveckla och skapa aff\u00e4rer, men \u00e4ven f\u00f6r att dela erfarenheter och tillsammans st\u00e4rka m\u00e5ltidsturismen i V\u00e4rmland, s\u00e4ger Nina H\u00f6jdefors, projektledare p\u00e5 Visit V\u00e4rmland.<\/p>\n\n\n\n<p>P\u00e5 speed datingen deltar 35 f\u00f6retag inom bes\u00f6ksn\u00e4ring, handel, lokala livsmedelsf\u00f6r\u00e4dlare och matentrepren\u00f6rer. Totalt \u00e4r \u00f6ver 170 m\u00f6ten inbokade under dagen.<\/p>\n\n\n\n<p>Ut\u00f6ver speed datingen kommer Christoffer Schyman fr\u00e5n Matstudion att ber\u00e4tta om hur de st\u00e4rkt sitt varum\u00e4rke genom att anv\u00e4nda lokalproducerat.<\/p>\n\n\n\n<p>\u2013 Vi ska fram\u00e5t \u00f6ka m\u00e5ltidsturismen och att f\u00e5 fler, b\u00e5de svenska och internationella, att bes\u00f6ka V\u00e4rmland med mat och m\u00e5ltid som incitament. Det h\u00e4r \u00e4r ett bra s\u00e4tt att hitta nya partners att samverka med och inspireras av. Speed datingen blir ett startskott inf\u00f6r att vi tillsammans med n\u00e4ringen ska f\u00e5 fram bokningsbara matresor, f\u00f6rl\u00e4nga sommars\u00e4songen och skapa en reseanledning under september med mat som fokus, s\u00e4ger Nina H\u00f6jdefors.<\/p>\n","protected":false},"author":2,"featured_media":0,"template":"","class_list":["post-2913","news","type-news","status-publish","hentry"],"acf":[],"lang":"sv","translations":{"sv":2913},"pll_sync_post":[],"_links":{"self":[{"href":"https:\/\/www.visitvarmland.com\/corporate\/wp-json\/wp\/v2\/news\/2913","targetHints":{"allow":["GET"]}}],"collection":[{"href":"https:\/\/www.visitvarmland.com\/corporate\/wp-json\/wp\/v2\/news"}],"about":[{"href":"https:\/\/www.visitvarmland.com\/corporate\/wp-json\/wp\/v2\/types\/news"}],"author":[{"embeddable":true,"href":"https:\/\/www.visitvarmland.com\/corporate\/wp-json\/wp\/v2\/users\/2"}],"wp:attachment":[{"href":"https:\/\/www.visitvarmland.com\/corporate\/wp-json\/wp\/v2\/media?parent=2913"}],"curies":[{"name":"wp","href":"https:\/\/api.w.org\/{rel}","templated":true}]}}