{"id":2946,"date":"2023-02-15T12:57:59","date_gmt":"2023-02-15T11:57:59","guid":{"rendered":"https:\/\/www.visitvarmland.com\/corporate\/?post_type=news&#038;p=2946"},"modified":"2024-06-03T17:47:05","modified_gmt":"2024-06-03T15:47:05","slug":"sveriges-utbud-av-nya-besoksmal-och-upplevelser-varen-och-sommaren-2023","status":"publish","type":"news","link":"https:\/\/www.visitvarmland.com\/corporate\/nyheter\/sveriges-utbud-av-nya-besoksmal-och-upplevelser-varen-och-sommaren-2023\/","title":{"rendered":"Sveriges utbud av nya bes\u00f6ksm\u00e5l och upplevelser v\u00e5ren och sommaren 2023"},"content":{"rendered":"\n<p>Visit Sweden har ig\u00e5r presenterat en sammanst\u00e4llning med exempel fr\u00e5n \u201dSveriges utbud av nya bes\u00f6ksm\u00e5l och upplevelser v\u00e5ren och sommaren 2023\u201d vid ett pressevent p\u00e5 Nationalmuseum i Stockholm. Tv\u00e5 p\u00e4rlor fr\u00e5n V\u00e4rmland fanns med; Yggdrasil Igloo Water Huts och Wermland Opera. Presentationen hittar du h\u00e4r:\u00a0<a href=\"https:\/\/bit.ly\/3IqpP8U\" target=\"_blank\" rel=\"noopener\">https:\/\/bit.ly\/3IqpP8U<\/a><\/p>\n\n\n\n<p>Har du en riktig v\u00e4rml\u00e4ndsk p\u00e4rla inom bo, \u00e4ta eller g\u00f6ra som kan visas upp i Sveriges Upplevelseguide? (<a href=\"https:\/\/lnkd.in\/eQx_c2Ra\" target=\"_blank\" rel=\"noopener\">https:\/\/lnkd.in\/eQx_c2Ra<\/a>)<br>L\u00e4s mer h\u00e4r om hur du kostnadsfritt kan synas i Upplevelseguiden! <a href=\"https:\/\/bit.ly\/3RYvN46\" target=\"_blank\" rel=\"noopener\">https:\/\/bit.ly\/3RYvN46<\/a><\/p>\n","protected":false},"author":2,"featured_media":0,"template":"","class_list":["post-2946","news","type-news","status-publish","hentry"],"acf":[],"lang":"sv","translations":{"sv":2946},"pll_sync_post":[],"_links":{"self":[{"href":"https:\/\/www.visitvarmland.com\/corporate\/wp-json\/wp\/v2\/news\/2946","targetHints":{"allow":["GET"]}}],"collection":[{"href":"https:\/\/www.visitvarmland.com\/corporate\/wp-json\/wp\/v2\/news"}],"about":[{"href":"https:\/\/www.visitvarmland.com\/corporate\/wp-json\/wp\/v2\/types\/news"}],"author":[{"embeddable":true,"href":"https:\/\/www.visitvarmland.com\/corporate\/wp-json\/wp\/v2\/users\/2"}],"wp:attachment":[{"href":"https:\/\/www.visitvarmland.com\/corporate\/wp-json\/wp\/v2\/media?parent=2946"}],"curies":[{"name":"wp","href":"https:\/\/api.w.org\/{rel}","templated":true}]}}