{"id":3267,"date":"2023-03-06T16:46:09","date_gmt":"2023-03-06T15:46:09","guid":{"rendered":"https:\/\/www.visitvarmland.com\/corporate\/?post_type=news&#038;p=3267"},"modified":"2024-06-03T17:47:05","modified_gmt":"2024-06-03T15:47:05","slug":"valkommen-frida-jansson-hogberg-visit-varmlands-nya-webbansvariga-kommunikator","status":"publish","type":"news","link":"https:\/\/www.visitvarmland.com\/corporate\/nyheter\/valkommen-frida-jansson-hogberg-visit-varmlands-nya-webbansvariga-kommunikator\/","title":{"rendered":"V\u00e4lkommen Frida Jansson H\u00f6gberg, Visit V\u00e4rmlands nya webbansvariga kommunikat\u00f6r"},"content":{"rendered":"\n<p>Vi h\u00e4lsar Frida Jansson H\u00f6gberg varmt v\u00e4lkommen till Visit V\u00e4rmland. Frida b\u00f6rjade som webbansvarig kommunikat\u00f6r p\u00e5 Visit V\u00e4rmland den 1 mars. Frida har bakgrund inom lokaljournalistiken och kommer senast fr\u00e5n Karlstads-Tidningen som chefredakt\u00f6r och kommer att bli ett v\u00e4lkommet tillskott b\u00e5de kring skrivande och att n\u00e5 ut till media och v\u00e5ra olika m\u00e5lgrupper.<\/p>\n\n\n\n<p>Frida n\u00e5s p\u00e5 tel. 079-063 05 00 och e-post frida.jansson.hogberg@visitvarmland.com<\/p>\n","protected":false},"author":2,"featured_media":3268,"template":"","class_list":["post-3267","news","type-news","status-publish","has-post-thumbnail","hentry"],"acf":[],"lang":"sv","translations":{"sv":3267},"pll_sync_post":[],"_links":{"self":[{"href":"https:\/\/www.visitvarmland.com\/corporate\/wp-json\/wp\/v2\/news\/3267","targetHints":{"allow":["GET"]}}],"collection":[{"href":"https:\/\/www.visitvarmland.com\/corporate\/wp-json\/wp\/v2\/news"}],"about":[{"href":"https:\/\/www.visitvarmland.com\/corporate\/wp-json\/wp\/v2\/types\/news"}],"author":[{"embeddable":true,"href":"https:\/\/www.visitvarmland.com\/corporate\/wp-json\/wp\/v2\/users\/2"}],"wp:featuredmedia":[{"embeddable":true,"href":"https:\/\/www.visitvarmland.com\/corporate\/wp-json\/wp\/v2\/media\/3268"}],"wp:attachment":[{"href":"https:\/\/www.visitvarmland.com\/corporate\/wp-json\/wp\/v2\/media?parent=3267"}],"curies":[{"name":"wp","href":"https:\/\/api.w.org\/{rel}","templated":true}]}}