{"id":3320,"date":"2023-03-13T11:57:03","date_gmt":"2023-03-13T10:57:03","guid":{"rendered":"https:\/\/www.visitvarmland.com\/corporate\/?post_type=news&#038;p=3320"},"modified":"2024-06-03T17:47:05","modified_gmt":"2024-06-03T15:47:05","slug":"varmlands-besoksnaringsbarometer-2023","status":"publish","type":"news","link":"https:\/\/www.visitvarmland.com\/corporate\/nyheter\/varmlands-besoksnaringsbarometer-2023\/","title":{"rendered":"V\u00e4rmlands bes\u00f6ksn\u00e4ringsbarometer 2023"},"content":{"rendered":"\n<p><strong>Visit V\u00e4rmland har sedan 2020 genomf\u00f6rt en unders\u00f6kning f\u00f6r att f\u00e5 inspel, kunna lyfta bes\u00f6ksn\u00e4ringens betydelse, behov och f\u00f6rv\u00e4ntningar inf\u00f6r kommande \u00e5r. Svaren bidrar till att vi f\u00e5r m\u00f6jlighet att styra fokus, teman och framtida projekt i r\u00e4tt riktning och svara upp mot n\u00e4ringens behov.<\/strong><\/p>\n\n\n\n<p>Efter \u00e4nnu ett utmanade \u00e5r med ov\u00e4ntade h\u00e4ndelser och en omskakande omv\u00e4rld f\u00f6r den v\u00e4rml\u00e4ndska bes\u00f6ksn\u00e4ringen avslutades 2022 med positiva siffror.&nbsp;<\/p>\n\n\n\n<p>Statistiken \u00f6ver g\u00e4stn\u00e4tterna i regionen tyder p\u00e5 att den v\u00e4rml\u00e4ndska \u00e5terh\u00e4mtningen varit mycket god. Siffrorna f\u00f6r de kommersiella \u00f6vernattningarna visar en \u00f6kning med 41 procent j\u00e4mf\u00f6rt med 2021. Det \u00e4r den n\u00e4st st\u00f6rsta \u00e5terh\u00e4mtningen bland alla i Sveriges regioner f\u00f6r perioden och V\u00e4rmland \u00e4r nu p\u00e5 samma niv\u00e5 som f\u00f6re pandemin.\u00a0<\/p>\n\n\n\n<p>Under 2023 f\u00f6rv\u00e4ntar man sig nya utmaningar f\u00f6r hela samh\u00e4llet, men ocks\u00e5 nya innovationer och samarbeten inom bes\u00f6ksn\u00e4ringen. Unders\u00f6kningen V\u00e4rmlands Bes\u00f6ksn\u00e4ringsbarometer visar att ekonomin \u00e4r en central fr\u00e5ga f\u00f6r branschen och att de flesta respondenter \u00e4r verksamhetsansvariga, chefer eller vd:ar med god insyn i hela verksamheten.<\/p>\n\n\n\n<p>En majoritet av respondenterna \u00e4r kommersiella bes\u00f6ksn\u00e4ringsakt\u00f6rer med Logi som huvudsaklig verksamhet.<\/p>\n\n\n\n<p>45 % av de som svarar bedriver verksamhet p\u00e5 landsbygden. F\u00f6rdelningen bland de verksamhter som h\u00e5ller \u00f6ppet under v\u00e5r och h\u00f6st \u00e4r f\u00f6rdelningen mellan t\u00e4tort och landsbygd \u00e4r ungef\u00e4r j\u00e4mn. Under vintern \u00e4r det n\u00e5got fler f\u00f6retag som finns i t\u00e4tort som bedriver sin verksamhet.<\/p>\n\n\n\n<p>37 % av de som besvarat bes\u00f6ksbarometern har tagit del av finansiellt st\u00f6d eller konsulttj\u00e4nster som erbjuds av organisationer som st\u00f6ttar f\u00f6retag och entrepren\u00f6rer att utvecklas och kommersialisera nya id\u00e9er, mellan \u00e5r 2020 och 2022. Fler f\u00f6retag p\u00e5 landsbygden planerar att ta del av detta st\u00f6dsystem \u00e4n de som finns i t\u00e4tort.<\/p>\n\n\n\n<p>De st\u00f6d som har mottagits verkar till stor del var st\u00f6d som fortsatt efterfr\u00e5gats i barometern. Det skulle kunna tyda p\u00e5 att de st\u00f6ds som finns idag efterfr\u00e5gas, men att alla inte n\u00e5tts och av r\u00e4tt information och att det d\u00e4rf\u00f6r skulle kunna vara relativt enkelt att \u00e5tminstone hj\u00e4lpa f\u00f6retagen att ta del av de st\u00f6d som efterfr\u00e5gas.<\/p>\n\n\n\n<p>Mer \u00e4n 60% av de svarande har f\u00e4rre \u00e4n 10 anst\u00e4llda. De flesta tror att antalet anst\u00e4llda kommer att vara of\u00f6r\u00e4ndrad eller \u00f6ka under 2023.<\/p>\n\n\n\n<p>De flesta tror att oms\u00e4ttningen kommer att \u00f6ka eller vara of\u00f6r\u00e4ndrad under 2023, men man tror inte p\u00e5 \u00f6kade investeringar p\u00e5 grund av utmaningarna i bes\u00f6ksn\u00e4ringen.<\/p>\n\n\n\n<p>N\u00e4r det g\u00e4ller utveckling av verksamheten anses ekonomin vara den st\u00f6rsta utmaningen men \u00e4ven infrastruktur, personalens kompetens, byr\u00e5krati och regelverk, samarbete mellan olika delar av verksamheten och att st\u00e4ndigt f\u00f6rb\u00e4ttra sig sj\u00e4lv.<\/p>\n\n\n\n<p>Enligt barometern tror de flesta att antalet bes\u00f6kare kommer att \u00f6ka eller vara of\u00f6r\u00e4ndrat under 2023. Antalet g\u00e4stn\u00e4tter har \u00f6kat med mer \u00e4n 41% j\u00e4mf\u00f6rt med f\u00f6reg\u00e5ende \u00e5r 2021, det har vart en stor \u00f6kning av internationella bes\u00f6kare. Antalet g\u00e4stn\u00e4tter 2022 var p\u00e5 samma niv\u00e5 som 2019 f\u00f6re pandemin. Inf\u00f6r 2023 tror de flesta att antalet bes\u00f6kare kommer att \u00f6ka eller vara of\u00f6r\u00e4ndrat, men 20% tror att antalet nationella bes\u00f6kare kommer att minska.<\/p>\n\n\n\n<p>Bes\u00f6ksn\u00e4ringen \u00e4r viktig f\u00f6r V\u00e4rmlands utveckling och lockar m\u00e5nga bes\u00f6kare varje \u00e5r. F\u00f6r att st\u00e4rka regionens attraktivitet och h\u00e5llbarhet beh\u00f6ver branschen arbeta tillsammans f\u00f6r att utveckla konkurrenskraftiga strategier. En ny bes\u00f6ksn\u00e4ringsstrategi f\u00f6r regionen \u00e4r en viktig utg\u00e5ngspunkt f\u00f6r arbetet. Vi beh\u00f6ver samarbeta f\u00f6r att skapa en h\u00e5llbar och attraktiv bes\u00f6ksn\u00e4ring genom att fr\u00e4mja milj\u00f6v\u00e4nliga alternativ, h\u00f6ja kvaliteten p\u00e5 v\u00e5ra bes\u00f6ksm\u00e5l och f\u00f6rb\u00e4ttra servicen f\u00f6r ett attraktivt och h\u00e5llbart V\u00e4rmland f\u00f6r alla som bor, verkar och bes\u00f6ker regionen.<\/p>\n\n\n\n<p>Visit V\u00e4rmland forts\u00e4tteratt arbeta f\u00f6r att skapa f\u00f6ruts\u00e4ttningar f\u00f6r fler b\u00e5de nationella och internationella bes\u00f6kare ska kunna ta del av V\u00e4rmlands upplevelser.&nbsp;<\/p>\n","protected":false},"author":2,"featured_media":3321,"template":"","class_list":["post-3320","news","type-news","status-publish","has-post-thumbnail","hentry"],"acf":[],"lang":"sv","translations":{"sv":3320},"pll_sync_post":[],"_links":{"self":[{"href":"https:\/\/www.visitvarmland.com\/corporate\/wp-json\/wp\/v2\/news\/3320","targetHints":{"allow":["GET"]}}],"collection":[{"href":"https:\/\/www.visitvarmland.com\/corporate\/wp-json\/wp\/v2\/news"}],"about":[{"href":"https:\/\/www.visitvarmland.com\/corporate\/wp-json\/wp\/v2\/types\/news"}],"author":[{"embeddable":true,"href":"https:\/\/www.visitvarmland.com\/corporate\/wp-json\/wp\/v2\/users\/2"}],"wp:featuredmedia":[{"embeddable":true,"href":"https:\/\/www.visitvarmland.com\/corporate\/wp-json\/wp\/v2\/media\/3321"}],"wp:attachment":[{"href":"https:\/\/www.visitvarmland.com\/corporate\/wp-json\/wp\/v2\/media?parent=3320"}],"curies":[{"name":"wp","href":"https:\/\/api.w.org\/{rel}","templated":true}]}}