{"id":3335,"date":"2023-03-16T11:28:23","date_gmt":"2023-03-16T10:28:23","guid":{"rendered":"https:\/\/www.visitvarmland.com\/corporate\/?post_type=news&#038;p=3335"},"modified":"2024-06-03T17:47:05","modified_gmt":"2024-06-03T15:47:05","slug":"varmlands-besoksnaringsstrategi-2023-2030-pa-remiss","status":"publish","type":"news","link":"https:\/\/www.visitvarmland.com\/corporate\/nyheter\/varmlands-besoksnaringsstrategi-2023-2030-pa-remiss\/","title":{"rendered":"V\u00e4rmlands bes\u00f6ksn\u00e4ringsstrategi 2023 \u2013 2030 p\u00e5 remiss"},"content":{"rendered":"\n<figure class=\"wp-block-image size-large\"><img loading=\"lazy\" decoding=\"async\" width=\"1024\" height=\"683\" src=\"https:\/\/www.visitvarmland.com\/corporate\/wp-content\/uploads\/sites\/20\/2021\/10\/Tommie_S_Ohlson_Visit_Varmland_Arkivbild-31-1024x683.jpeg\" alt=\"\" class=\"wp-image-5\" srcset=\"https:\/\/www.visitvarmland.com\/app\/uploads\/sites\/20\/2021\/10\/Tommie_S_Ohlson_Visit_Varmland_Arkivbild-31-1024x683.jpeg 1024w, https:\/\/www.visitvarmland.com\/app\/uploads\/sites\/20\/2021\/10\/Tommie_S_Ohlson_Visit_Varmland_Arkivbild-31-300x200.jpeg 300w, https:\/\/www.visitvarmland.com\/app\/uploads\/sites\/20\/2021\/10\/Tommie_S_Ohlson_Visit_Varmland_Arkivbild-31-768x512.jpeg 768w, https:\/\/www.visitvarmland.com\/app\/uploads\/sites\/20\/2021\/10\/Tommie_S_Ohlson_Visit_Varmland_Arkivbild-31-1536x1024.jpeg 1536w, https:\/\/www.visitvarmland.com\/app\/uploads\/sites\/20\/2021\/10\/Tommie_S_Ohlson_Visit_Varmland_Arkivbild-31-150x100.jpeg 150w, https:\/\/www.visitvarmland.com\/app\/uploads\/sites\/20\/2021\/10\/Tommie_S_Ohlson_Visit_Varmland_Arkivbild-31-600x400.jpeg 600w, https:\/\/www.visitvarmland.com\/app\/uploads\/sites\/20\/2021\/10\/Tommie_S_Ohlson_Visit_Varmland_Arkivbild-31-1200x800.jpeg 1200w, https:\/\/www.visitvarmland.com\/app\/uploads\/sites\/20\/2021\/10\/Tommie_S_Ohlson_Visit_Varmland_Arkivbild-31.jpeg 1920w\" sizes=\"auto, (max-width: 1024px) 100vw, 1024px\" \/><\/figure>\n\n\n\n<p><strong>Nu \u00e4r V\u00e4rmlands bes\u00f6ksn\u00e4ringsstrategi 2023 \u2013 2030 ute p\u00e5 remiss. Strategin \u00e4r till f\u00f6r alla som verkar f\u00f6r att fr\u00e4mja bes\u00f6ksn\u00e4ringen i V\u00e4rmland.<\/strong><\/p>\n\n\n\n<p>Bakgrunden till att V\u00e4rmlands bes\u00f6ksn\u00e4ringsstrategi 2023 \u2013 2030 tagits fram grundar sig i Region V\u00e4rmlands beslut om att implementera den nationella bes\u00f6ksstrategin. Uppdraget att genomf\u00f6ra detta gavs till Visit V\u00e4rmland. <\/p>\n\n\n\n<p>Arbetet med att ta fram en regional strategi p\u00e5b\u00f6rjades i februari 2022 och har skett tillsammans med V\u00e4rmlands kommuner och andra offentliga organisationer under ett \u00e5rs tid. Strategin \u00e4r v\u00e4l f\u00f6rankrad i den nationella bes\u00f6ksn\u00e4ringsstrategin och den regionala utvecklingsstrategin. <\/p>\n\n\n\n<p>V\u00e4rmlands bes\u00f6ksn\u00e4ringsstrategi 2023 \u2013 2030 inneh\u00e5ller bland annat en vision f\u00f6r den v\u00e4rml\u00e4ndska bes\u00f6ksn\u00e4ringen, lyfter v\u00e5ra styrkor och pekar ut vilka komponenter som \u00e4r viktiga f\u00f6r att visionen ska bli verklighet.<\/p>\n\n\n\n<p>Remissvaren ska ha inkommit till Visit V\u00e4rmland senast den 9 juni 2023. Den slutgiltiga versionen av strategin kommer att antas av Visit V\u00e4rmlands styrelse under kvartal 3 2023.<\/p>\n\n\n\n<div class=\"wp-block-atheme-component-action-button atheme-wrapper--action-button-single\"><a href=\"https:\/\/www.visitvarmland.com\/corporate\/wp-content\/uploads\/sites\/20\/2023\/03\/Remissutga\u030ava\u2013Va\u0308rmlands-beso\u0308ksna\u0308ringsstrategi-2023-2030-inklusive-fo\u0308ljebrev.pdf\" target=\"_self\" class=\"a-action a-action--arrow\" rel=\"noopener\"><span>Remissutg\u00e5va av V\u00e4rmlands bes\u00f6ksn\u00e4ringsstrategi 2023  \u2013 2030<\/span><\/a><\/div>\n","protected":false},"author":379,"featured_media":0,"template":"","class_list":["post-3335","news","type-news","status-publish","hentry"],"acf":[],"lang":"sv","translations":{"sv":3335},"pll_sync_post":[],"_links":{"self":[{"href":"https:\/\/www.visitvarmland.com\/corporate\/wp-json\/wp\/v2\/news\/3335","targetHints":{"allow":["GET"]}}],"collection":[{"href":"https:\/\/www.visitvarmland.com\/corporate\/wp-json\/wp\/v2\/news"}],"about":[{"href":"https:\/\/www.visitvarmland.com\/corporate\/wp-json\/wp\/v2\/types\/news"}],"author":[{"embeddable":true,"href":"https:\/\/www.visitvarmland.com\/corporate\/wp-json\/wp\/v2\/users\/379"}],"wp:attachment":[{"href":"https:\/\/www.visitvarmland.com\/corporate\/wp-json\/wp\/v2\/media?parent=3335"}],"curies":[{"name":"wp","href":"https:\/\/api.w.org\/{rel}","templated":true}]}}