{"id":3471,"date":"2023-05-03T09:18:39","date_gmt":"2023-05-03T07:18:39","guid":{"rendered":"https:\/\/www.visitvarmland.com\/corporate\/?post_type=news&#038;p=3471"},"modified":"2024-06-03T17:47:05","modified_gmt":"2024-06-03T15:47:05","slug":"formrundan-i-varmland-soker-deltagare","status":"publish","type":"news","link":"https:\/\/www.visitvarmland.com\/corporate\/nyheter\/formrundan-i-varmland-soker-deltagare\/","title":{"rendered":"Formrundan i V\u00e4rmland s\u00f6ker deltagare"},"content":{"rendered":"\n<p>I \u00e5r genomf\u00f6rs Formrundan f\u00f6r f\u00f6rsta g\u00e5ngen: ett arrangemang som samlar och syn- ligg\u00f6r den kreativitet som finns i V\u00e4rmland inom omr\u00e5det form, design, konsthantverk och arkitektur. De akt\u00f6rer som deltar i Formrundan f\u00e5r visa upp sig, \u00f6ppna sina atelj\u00e9er, studios och verkst\u00e4der och de kan ocks\u00e5 anordna aktiviteter, f\u00f6rel\u00e4sningar, filmvisningar, mingel etc. Den intresserade allm\u00e4nheten, oberoende av \u00e5lder, k\u00f6n och bakgrund, f\u00e5r en chans att uppt\u00e4cka och utforska formomr\u00e5det runt om i V\u00e4rmland.<\/p>\n\n\n\n<p>I \u00e5r \u00e4r det f\u00f6rsta g\u00e5ngen Formrundan g\u00f6rs, men tanken \u00e4r att det ska bli en \u00e5rlig aktivitet och dessutom en resurs f\u00f6r b\u00e5de v\u00e4rml\u00e4nningar och bes\u00f6kare som \u00e4r intresserade av formomr\u00e5det. Det kommer skapas en karta (b\u00e5de fysisk och digital i en f\u00f6rl\u00e4ngning) som funkar b\u00e5de under Formrundan. Syftet \u00e4r att lyfta och tydligg\u00f6ra V\u00e4rmland som ett form-l\u00e4n. Det finns idag m\u00e5nga b\u00e5de st\u00f6rre och mindre akt\u00f6rer, men omr\u00e5det \u00e4r relativt osynligt, vilket vi vill \u00e4ndra p\u00e5. Tillsammans visar p\u00e5 hur levande design- och arkitekturomr\u00e5det \u00e4r i hela V\u00e4rmland.<\/p>\n\n\n\n<h2 class=\"wp-block-heading\"><strong>F\u00f6r vem \u00e4r Formrundan?<\/strong><\/h2>\n\n\n\n<p>Formrundan \u00e4r ett s\u00e4tt f\u00f6r verksamma inom form, design, hantverk och arkitektur att visa sitt arbete och att m\u00f6tas. Formveckan \u00e4r ocks\u00e5 till f\u00f6r dig som \u00e4r nyfiken p\u00e5 omr\u00e5det \u2013 h\u00e4r \u00e4r det fritt fram att uppt\u00e4cka och utforska form.<\/p>\n\n\n\n<h2 class=\"wp-block-heading\"><strong>Hur funkar Formrundan?<\/strong><\/h2>\n\n\n\n<p>Vi hoppas att m\u00e5nga akt\u00f6rer oavsett storlek vill medverka till detta arrangemang genom att sj\u00e4lva ordna en programpunkt. Det kan vara allt fr\u00e5n \u00f6ppen atelj\u00e9\/butik, utst\u00e4llning, f\u00f6redrag, workshop, konsert, seminarium till filmvisning, eller mingel. Vi ordnar ocks\u00e5 n\u00e5gra st\u00f6rre evenemang som grundbult f\u00f6r Formrundan. Svensk Form V\u00e4rmland samordnar och sprider informationen om alla h\u00e4ndelser under Formrundan, p\u00e5 en webbplats, v\u00e5ra sociala medier och andra kanaler, samt samarbetspartners och inblan- dade akt\u00f6rers kanaler. Svensk Form bist\u00e5r d\u00e5 med kommunikationsmaterial till alla inblandade.<\/p>\n\n\n\n<h2 class=\"wp-block-heading\"><strong>Vill du vara med?<\/strong><\/h2>\n\n\n\n<p>Du som vill bidra under formdagarna\u00a0anm\u00e4ler dig Svensk Form V\u00e4rmland senast den 16 juni. Du kan v\u00e4lja att delta p\u00e5 det s\u00e4tt du vill som st\u00e4mmer med omr\u00e5det form, design, hantverk eller arkitektur. Alla medverkande och evenemang presenteras p\u00e5 Formrundans webbplats som publiceras under v\u00e5ren\/sommaren. Du kommer att f\u00e5 tillg\u00e5ng till marknadsf\u00f6ringsmaterial att s\u00e4tta upp i samband med ditt evenemang. Det kostar ingenting att delta i Formdagarna. Formrundan ordnas av Svensk Form V\u00e4rm- land i samarbete med Visit V\u00e4rmland och Region V\u00e4rmland.<\/p>\n\n\n\n<p><strong>Mer information<\/strong>:\u00a0<a href=\"https:\/\/www.facebook.com\/formivarmland\/\" target=\"_blank\" rel=\"noreferrer noopener\">Svensk form V\u00e4rmlands Facebook<\/a>, <a href=\"https:\/\/www.instagram.com\/svenskformvarmland\/\" target=\"_blank\" rel=\"noreferrer noopener\">Instagram<\/a> eller <a href=\"mailto:varmland@svenskform.se\" target=\"_blank\" rel=\"noreferrer noopener\">varmland@svenskform.se<\/a>.<\/p>\n","protected":false},"author":387,"featured_media":0,"template":"","class_list":["post-3471","news","type-news","status-publish","hentry"],"acf":[],"lang":"sv","translations":{"sv":3471},"pll_sync_post":[],"_links":{"self":[{"href":"https:\/\/www.visitvarmland.com\/corporate\/wp-json\/wp\/v2\/news\/3471","targetHints":{"allow":["GET"]}}],"collection":[{"href":"https:\/\/www.visitvarmland.com\/corporate\/wp-json\/wp\/v2\/news"}],"about":[{"href":"https:\/\/www.visitvarmland.com\/corporate\/wp-json\/wp\/v2\/types\/news"}],"author":[{"embeddable":true,"href":"https:\/\/www.visitvarmland.com\/corporate\/wp-json\/wp\/v2\/users\/387"}],"wp:attachment":[{"href":"https:\/\/www.visitvarmland.com\/corporate\/wp-json\/wp\/v2\/media?parent=3471"}],"curies":[{"name":"wp","href":"https:\/\/api.w.org\/{rel}","templated":true}]}}