{"id":3488,"date":"2023-05-10T08:05:22","date_gmt":"2023-05-10T06:05:22","guid":{"rendered":"https:\/\/www.visitvarmland.com\/corporate\/?post_type=news&#038;p=3488"},"modified":"2024-06-03T17:47:04","modified_gmt":"2024-06-03T15:47:04","slug":"besokstur-till-den-varmlandska-skogens-mojliggorare-16-18-juni","status":"publish","type":"news","link":"https:\/\/www.visitvarmland.com\/corporate\/nyheter\/besokstur-till-den-varmlandska-skogens-mojliggorare-16-18-juni\/","title":{"rendered":"Bes\u00f6kstur till den v\u00e4rml\u00e4ndska skogens m\u00f6jligg\u00f6rare 16-18 juni"},"content":{"rendered":"\n<p>Paper Province bjuder in f\u00f6retag, akademi och det offentliga till en maxad tur genom det v\u00e4rml\u00e4ndska n\u00e4ringslivet inom skoglig bioekonomi med fokus p\u00e5 industriell tr\u00e4byggnation. Bes\u00f6ksm\u00e5len fokuserar p\u00e5 tekniska studiebes\u00f6k, men de bjuder ocks\u00e5 in till det v\u00e4rml\u00e4ndska mat- och kulturutbudet.\u00a0<br>Turen g\u00e5r av stapeln den 16-18 juni och arrangeras i samverkan mellan <a href=\"https:\/\/paperprovince.com\/\" target=\"_blank\" rel=\"noreferrer noopener\">Paper Province<\/a>, <a href=\"https:\/\/www.regionvarmland.se\/\" target=\"_blank\" rel=\"noreferrer noopener\">Region V\u00e4rmland<\/a>, <a href=\"https:\/\/regionvarmland.se\/regionvarmland\/utveckling-tillvaxt\/regional-utveckling\/naringsliv-och-entreprenorskap\/business-region-varmland\" data-type=\"URL\" data-id=\"https:\/\/regionvarmland.se\/regionvarmland\/utveckling-tillvaxt\/regional-utveckling\/naringsliv-och-entreprenorskap\/business-region-varmland\" target=\"_blank\" rel=\"noreferrer noopener\">Business Region V\u00e4rmland<\/a>, Visit V\u00e4rmland och <a href=\"https:\/\/www.nifa.se\/\" target=\"_blank\" rel=\"noreferrer noopener\">Nifa<\/a>. <\/p>\n\n\n\n<p>Programmet \u00e4r byggt f\u00f6r att visa upp v\u00e5rt gemensamma v\u00e4rml\u00e4ndska erbjudande med ambitionen att etablera nya kontakter mellan s\u00e5v\u00e4l internationella som nationella parter.<\/p>\n\n\n\n<p>Sista anm\u00e4lningsdag \u00e4r den 15 maj.<\/p>\n\n\n\n<div class=\"wp-block-atheme-component-action-button atheme-wrapper--action-button-single\"><a href=\"https:\/\/paperprovince.com\/om-oss\/kalender\/besokstur-till-den-varmlandska-skogens-mojliggorare-16-18-juni\/\" target=\"_blank\" class=\"a-action a-action--arrow\" rel=\"noopener\"><span>L\u00e4s mer och anm\u00e4l dig hos paperprovince.se<\/span><\/a><\/div>\n","protected":false},"author":387,"featured_media":0,"template":"","class_list":["post-3488","news","type-news","status-publish","hentry"],"acf":[],"lang":"sv","translations":{"sv":3488},"pll_sync_post":[],"_links":{"self":[{"href":"https:\/\/www.visitvarmland.com\/corporate\/wp-json\/wp\/v2\/news\/3488","targetHints":{"allow":["GET"]}}],"collection":[{"href":"https:\/\/www.visitvarmland.com\/corporate\/wp-json\/wp\/v2\/news"}],"about":[{"href":"https:\/\/www.visitvarmland.com\/corporate\/wp-json\/wp\/v2\/types\/news"}],"author":[{"embeddable":true,"href":"https:\/\/www.visitvarmland.com\/corporate\/wp-json\/wp\/v2\/users\/387"}],"wp:attachment":[{"href":"https:\/\/www.visitvarmland.com\/corporate\/wp-json\/wp\/v2\/media?parent=3488"}],"curies":[{"name":"wp","href":"https:\/\/api.w.org\/{rel}","templated":true}]}}