{"id":3684,"date":"2023-08-17T16:31:03","date_gmt":"2023-08-17T14:31:03","guid":{"rendered":"https:\/\/www.visitvarmland.com\/corporate\/?post_type=news&#038;p=3684"},"modified":"2024-06-03T17:47:04","modified_gmt":"2024-06-03T15:47:04","slug":"dags-att-nominera-till-varmlands-turismpris-2023","status":"publish","type":"news","link":"https:\/\/www.visitvarmland.com\/corporate\/nyheter\/dags-att-nominera-till-varmlands-turismpris-2023\/","title":{"rendered":"Dags att nominera till V\u00e4rmlands Turismpris 2023"},"content":{"rendered":"\n<h1 class=\"wp-block-heading\"><\/h1>\n\n\n\n<p>Priset, f\u00f6rutom diplom \u00e4r en check p\u00e5 10.000:- som ska anv\u00e4ndas till utbildning eller n\u00e5got annat som vinnaren anser kan vara till hj\u00e4lp till att utveckla sin verksamhet ytterligare. Priset delas ut i mitten av september och vinnaren kommer ocks\u00e5 att uppm\u00e4rksammas under V\u00e4rmlands Bes\u00f6ksn\u00e4ringsdagar 2023 (9-10 november). Vinnaren blir ocks\u00e5 V\u00e4rmlands kandidat till Stora Turismpriset 2023.<\/p>\n\n\n\n<p>Nomineringsprocessen \u00e4r \u00f6ppen f\u00f6r alla, du kan \u00e4ven nominera dig sj\u00e4lv! Motivera utifr\u00e5n de olika kriterierna.<\/p>\n\n\n\n<h2 class=\"wp-block-heading\">Kriterier f\u00f6r V\u00e4rmlands Turismpris:<\/h2>\n\n\n\n<p><strong>Huvudkriterium:<\/strong>&nbsp;Pristagaren bidrar till nyt\u00e4nkande och innovativ utveckling av bes\u00f6ksn\u00e4ringen.&nbsp;<\/p>\n\n\n\n<p><strong>H\u00e5llbarhetskriterium:<\/strong>&nbsp;Pristagaren utvecklar metodiskt och m\u00e5lmedvetet en h\u00e5llbar verksamhet.<\/p>\n\n\n\n<p><strong>Kunskapskriterium:<\/strong>&nbsp;Pristagaren utvecklar, sprider och delar nya f\u00e4rdigheter och kunskaper f\u00f6r att st\u00e4rka bes\u00f6ksn\u00e4ringen och dess roll i samh\u00e4llet.<\/p>\n\n\n\n<p><strong><em>Nominera senast den 6 september.<\/em><\/strong>Vinnaren av V\u00e4rmlands Turismpris 2023 utses av juryn, som best\u00e5r av Visit V\u00e4rmlands styrelse. Vinnaren presenteras i mitten av september.<\/p>\n\n\n\n<div class=\"wp-block-atheme-component-action-button atheme-wrapper--action-button-single\"><a href=\"https:\/\/ui.ungpd.com\/Surveys\/b9f5021a-84fc-46a7-a7d4-b9912acce3f4\" target=\"_self\" class=\"a-action a-action--arrow\" rel=\"noopener\"><span>Nominera till V\u00e4rmlands Turismpris 2023<\/span><\/a><\/div>\n","protected":false},"author":383,"featured_media":3685,"template":"","class_list":["post-3684","news","type-news","status-publish","has-post-thumbnail","hentry"],"acf":[],"lang":"sv","translations":{"sv":3684},"pll_sync_post":[],"_links":{"self":[{"href":"https:\/\/www.visitvarmland.com\/corporate\/wp-json\/wp\/v2\/news\/3684","targetHints":{"allow":["GET"]}}],"collection":[{"href":"https:\/\/www.visitvarmland.com\/corporate\/wp-json\/wp\/v2\/news"}],"about":[{"href":"https:\/\/www.visitvarmland.com\/corporate\/wp-json\/wp\/v2\/types\/news"}],"author":[{"embeddable":true,"href":"https:\/\/www.visitvarmland.com\/corporate\/wp-json\/wp\/v2\/users\/383"}],"wp:featuredmedia":[{"embeddable":true,"href":"https:\/\/www.visitvarmland.com\/corporate\/wp-json\/wp\/v2\/media\/3685"}],"wp:attachment":[{"href":"https:\/\/www.visitvarmland.com\/corporate\/wp-json\/wp\/v2\/media?parent=3684"}],"curies":[{"name":"wp","href":"https:\/\/api.w.org\/{rel}","templated":true}]}}