{"id":3769,"date":"2023-09-25T11:13:00","date_gmt":"2023-09-25T09:13:00","guid":{"rendered":"https:\/\/www.visitvarmland.com\/corporate\/?post_type=news&#038;p=3769"},"modified":"2024-06-03T17:47:04","modified_gmt":"2024-06-03T15:47:04","slug":"alma-lov-museum-vinner-varmlands-turismpris-2023","status":"publish","type":"news","link":"https:\/\/www.visitvarmland.com\/corporate\/nyheter\/alma-lov-museum-vinner-varmlands-turismpris-2023\/","title":{"rendered":"Alma L\u00f6v Museum vinner V\u00e4rmlands Turismpris 2023"},"content":{"rendered":"\n<p><strong>Visit V\u00e4rmland \u00e4r stolta \u00f6ver att kunna utse Alma L\u00f6v Museum och Stella Broos till \u00e5rets vinnare av V\u00e4rmlands Turismpris 2023.<\/strong><\/p>\n\n\n\n<p>Alma L\u00f6v Museum och Stella Broos tilldelas V\u00e4rmlands Turismpris f\u00f6r att ha skapat en unik kulturdestination, d\u00e4r museet g\u00e5tt fr\u00e5n att vara en installationspark till att bli en kulturell sm\u00e4ltdegel. Alma L\u00f6v Museum lockar m\u00e4nniskor l\u00e5ngt bortom V\u00e4rmlands gr\u00e4nser och l\u00e4mnar inte n\u00e5gon bes\u00f6kare ober\u00f6rd. Genom Gunnerudsg\u00e5rdens konstn\u00e4rsresidens och Sj\u00f6sala som fungerar som vinterscen forts\u00e4tter den kulturella verksamheten numera \u00e5ret om.<\/p>\n\n\n\n<p>\u2013 Alla som n\u00e5gon g\u00e5ng bes\u00f6kt Alma L\u00f6v Museum vet att det \u00e4r en fantastisk upplevelse som saknar motstycke. H\u00e4r m\u00f6ts man av nya och sp\u00e4nnande intryck var man \u00e4n r\u00f6r sig. Att ha en s\u00e5 innovativ och inkluderande plats d\u00e4r natur och kultur sm\u00e4lter samman \u00e4r ov\u00e4rderligt f\u00f6r bes\u00f6ksn\u00e4ringen i V\u00e4rmland. F\u00f6r det \u00e4r museet och Stella Broos v\u00e4l v\u00e4rda V\u00e4rmlands Turismpris, s\u00e4ger Mia Landin, vd p\u00e5 Visit V\u00e4rmland.<\/p>\n\n\n\n<p>\u2013 Det k\u00e4nns j\u00e4tteroligt och hedrande att f\u00e5 tilldelas V\u00e4rmlands Turismpris. Det ger en respons p\u00e5 allt arbete vi l\u00e4gger ner p\u00e5 att skapa unika konstupplevelser. Att vara en plats som \u00e4r betydelsefull f\u00f6r turismen medf\u00f6r s\u00e5 m\u00e5nga m\u00f6ten mellan m\u00e4nniskor fr\u00e5n alla m\u00f6jliga h\u00e5ll och platser i v\u00e4rlden, s\u00e4ger Stella Broos, konstn\u00e4rlig ledare Alma L\u00f6v Museum.<\/p>\n\n\n\n<p>Vinnaren av V\u00e4rmlands Turismpris f\u00e5r en check p\u00e5 10 000 kronor som ska anv\u00e4ndas till utbildning eller f\u00f6r att utveckla verksamheten vidare. Dessutom kommer vinnaren att hyllas under V\u00e4rmlands Bes\u00f6ksn\u00e4ringsdagar den 9-10 november och blir V\u00e4rmlands nominering till Stora Turismpriset. I \u00e5r \u00e4r det 30-\u00e5rsjubileum f\u00f6r Stora Turismpriset som delas ut av Stiftelsen f\u00f6r kunskapsfr\u00e4mjande inom turism. Vinnaren av den riksomfattande t\u00e4vlingen koras p\u00e5 konferensen Bes\u00f6ksn\u00e4ring p\u00e5 agendan den 6 december. &nbsp;<\/p>\n\n\n\n<p><strong>Motiveringen i sin helhet:<\/strong><\/p>\n\n\n\n<p><em>Under Stella Broos modiga och innovativa ledning har Alma L\u00f6v Museum f\u00f6rvandlats fr\u00e5n att vara en installationspark f\u00f6r konst till att bli en unik kulturdestination p\u00e5 landsbygden som lockar m\u00e4nniskor l\u00e5ngt bortom V\u00e4rmlands gr\u00e4nser. En bes\u00f6kare p\u00e5 Alma L\u00f6v Museum l\u00e4mnas aldrig ober\u00f6rd. Tillsammans med konstn\u00e4rsresidenset Gunnerudsg\u00e5rden och vinterscenen Sj\u00f6sala har Alma L\u00f6v Museum blivit en sm\u00e4ltdegel f\u00f6r m\u00e5nga olika uttryck inom konst, dans och musik d\u00e4r \u00e4ven platsen spelar en viktig roll \u2013 det \u00e4r nu ett av V\u00e4rmlands viktigaste bes\u00f6ksm\u00e5l.<\/em><\/p>\n","protected":false},"author":383,"featured_media":3685,"template":"","class_list":["post-3769","news","type-news","status-publish","has-post-thumbnail","hentry"],"acf":[],"lang":"sv","translations":{"sv":3769},"pll_sync_post":[],"_links":{"self":[{"href":"https:\/\/www.visitvarmland.com\/corporate\/wp-json\/wp\/v2\/news\/3769","targetHints":{"allow":["GET"]}}],"collection":[{"href":"https:\/\/www.visitvarmland.com\/corporate\/wp-json\/wp\/v2\/news"}],"about":[{"href":"https:\/\/www.visitvarmland.com\/corporate\/wp-json\/wp\/v2\/types\/news"}],"author":[{"embeddable":true,"href":"https:\/\/www.visitvarmland.com\/corporate\/wp-json\/wp\/v2\/users\/383"}],"wp:featuredmedia":[{"embeddable":true,"href":"https:\/\/www.visitvarmland.com\/corporate\/wp-json\/wp\/v2\/media\/3685"}],"wp:attachment":[{"href":"https:\/\/www.visitvarmland.com\/corporate\/wp-json\/wp\/v2\/media?parent=3769"}],"curies":[{"name":"wp","href":"https:\/\/api.w.org\/{rel}","templated":true}]}}