{"id":3771,"date":"2023-09-22T13:39:00","date_gmt":"2023-09-22T11:39:00","guid":{"rendered":"https:\/\/www.visitvarmland.com\/corporate\/?post_type=news&#038;p=3771"},"modified":"2024-06-03T17:47:04","modified_gmt":"2024-06-03T15:47:04","slug":"ark-vinnare-i-interregs-fototavling","status":"publish","type":"news","link":"https:\/\/www.visitvarmland.com\/corporate\/nyheter\/ark-vinnare-i-interregs-fototavling\/","title":{"rendered":"ARK vinnare i Interregs fotot\u00e4vling"},"content":{"rendered":"\n<p>V\u00e5rt projekt, ARK \u2013 Design, konst och arkitektur som reseanledning, har vunnit en fotot\u00e4vling i Interreg Sverige-Norge med temat &#8221;Gr\u00e4ns\u00f6verskridande samarbete&#8221;.<\/p>\n\n\n\n<p>Fotot\u00e4vlingen arrangerades i samband med Interreg Cooperation Day 2023.\u00a0Juryn bed\u00f6mde v\u00e5r bild utifr\u00e5n dess kreativitet, komposition och hur v\u00e4l den f\u00e5ngade temat.\u00a0P\u00e5 bilden syns Jessica Carlsson, aff\u00e4rsutvecklare p\u00e5 Visit V\u00e4rmland och projektkollegan p\u00e5 norska sidan, Ninni Tranum. Bilden \u00e4r tagen p\u00e5 The Plus Magnor.<\/p>\n\n\n\n<div class=\"wp-block-atheme-component-action-button atheme-wrapper--action-button-single\"><a href=\"https:\/\/www.interreg-sverige-norge.com\/fototavlingen-ar-avgjord\/\" target=\"_blank\" class=\"a-action a-action--arrow\" rel=\"noopener\"><span>L\u00e4s mer p\u00e5 Interregs hemsida<\/span><\/a><\/div>\n","protected":false},"author":383,"featured_media":3772,"template":"","class_list":["post-3771","news","type-news","status-publish","has-post-thumbnail","hentry"],"acf":[],"lang":"sv","translations":{"sv":3771},"pll_sync_post":[],"_links":{"self":[{"href":"https:\/\/www.visitvarmland.com\/corporate\/wp-json\/wp\/v2\/news\/3771","targetHints":{"allow":["GET"]}}],"collection":[{"href":"https:\/\/www.visitvarmland.com\/corporate\/wp-json\/wp\/v2\/news"}],"about":[{"href":"https:\/\/www.visitvarmland.com\/corporate\/wp-json\/wp\/v2\/types\/news"}],"author":[{"embeddable":true,"href":"https:\/\/www.visitvarmland.com\/corporate\/wp-json\/wp\/v2\/users\/383"}],"wp:featuredmedia":[{"embeddable":true,"href":"https:\/\/www.visitvarmland.com\/corporate\/wp-json\/wp\/v2\/media\/3772"}],"wp:attachment":[{"href":"https:\/\/www.visitvarmland.com\/corporate\/wp-json\/wp\/v2\/media?parent=3771"}],"curies":[{"name":"wp","href":"https:\/\/api.w.org\/{rel}","templated":true}]}}