{"id":4167,"date":"2023-11-29T20:17:00","date_gmt":"2023-11-29T19:17:00","guid":{"rendered":"https:\/\/www.visitvarmland.com\/corporate\/?post_type=news&#038;p=4167"},"modified":"2024-06-03T17:47:04","modified_gmt":"2024-06-03T15:47:04","slug":"varmlands-besoksnaringsdagar-2023-har-ar-alla-pristagare","status":"publish","type":"news","link":"https:\/\/www.visitvarmland.com\/corporate\/nyheter\/varmlands-besoksnaringsdagar-2023-har-ar-alla-pristagare\/","title":{"rendered":"V\u00e4rmlands Bes\u00f6ksn\u00e4ringsdagar 2023 \u2013 h\u00e4r \u00e4r alla pristagare"},"content":{"rendered":"\n<p><strong>Under V\u00e4rmlands Bes\u00f6ksn\u00e4ringsdagar den 9-10 november delades inte mindre \u00e4n tre priser ut till olika pristagare som bidragit med sina insatser och kunskaper som st\u00e4rkt och som gagnat den v\u00e4rml\u00e4ndska bes\u00f6ksn\u00e4ringen. Stort grattis s\u00e4ger vi p\u00e5 Visit V\u00e4rmland till \u00e5rets pristagare.<\/strong><\/p>\n\n\n\n<h2 class=\"wp-block-heading\"><strong>\u00c5rets Uppstickare&nbsp;<\/strong><\/h2>\n\n\n\n<p><strong>V\u00e4rmland Camper<\/strong><\/p>\n\n\n\n<p><em>\u201d\u00c5rets uppstickare har p\u00e5 ett innovativt s\u00e4tt paketerat sin produkt och tagit&nbsp;tillvara p\u00e5 potentialen att h\u00e5llbart kunna uppt\u00e4cka V\u00e4rmland. I samverkan med andra&nbsp;akt\u00f6rer har de f\u00f6ljt utvecklingen av regionala cykelleder, och tillsammans hittat v\u00e4gar att n\u00e5&nbsp;ut till nya m\u00e5lgrupper som vill resa h\u00e5llbart. Det g\u00f6r att fler enkelt kan njuta av frihetsk\u00e4nslan&nbsp;i V\u00e4rmlands natur under alla \u00e5rstider och det skapar nya minnen som f\u00f6r ber\u00e4ttelsen&nbsp;om V\u00e4rmland vidare.\u201d<\/em><\/p>\n\n\n\n<h2 class=\"wp-block-heading\"><strong>V\u00e4rmlands Turismpris<\/strong><\/h2>\n\n\n\n<p><strong>Alma L\u00f6v Museum<\/strong><\/p>\n\n\n\n<p><em>\u201dUnder Stella Broos modiga och innovativa ledning har Alma L\u00f6v Museum f\u00f6rvandlats&nbsp;fr\u00e5n att vara en installationspark f\u00f6r konst till att bli en unik kulturdestination p\u00e5 landsbygden&nbsp;som lockar m\u00e4nniskor l\u00e5ngt bortom V\u00e4rmlands gr\u00e4nser. En bes\u00f6kare p\u00e5 Alma L\u00f6v Museum&nbsp;l\u00e4mnas aldrig ober\u00f6rd. Tillsammans med konstn\u00e4rsresidenset Gunnerudsg\u00e5rden och&nbsp;vinterscenen Sj\u00f6sala har Alma L\u00f6v Museum blivit en sm\u00e4ltdegel f\u00f6r m\u00e5nga olika uttryck&nbsp;inom konst, dans och musik d\u00e4r \u00e4ven platsen spelar en viktig roll \u2013 det \u00e4r nu&nbsp;ett av V\u00e4rmlands viktigaste bes\u00f6ksm\u00e5l.\u201d<\/em><\/p>\n\n\n\n<p>Vinnaren av V\u00e4rmlands Turismpris f\u00e5r en check p\u00e5 10 000 kronor som ska anv\u00e4ndas till utbildning eller f\u00f6r att utveckla verksamheten vidare. Dessutom blir vinnaren V\u00e4rmlands nominering till Stora Turismpriset. I \u00e5r \u00e4r det 30-\u00e5rsjubileum f\u00f6r Stora Turismpriset som delas ut av Stiftelsen f\u00f6r kunskapsfr\u00e4mjande inom turism. Vinnaren av den riksomfattande t\u00e4vlingen koras p\u00e5 konferensen Bes\u00f6ksn\u00e4ring p\u00e5 agendan den 6 december.<\/p>\n\n\n\n<h2 class=\"wp-block-heading\"><strong>\u00c5rets Uppsats&nbsp;<\/strong><\/h2>\n\n\n\n<p>&#8221;<em>Skiddestinationers omst\u00e4llning fr\u00e5n vinter till \u00e5ret-runt : En balansg\u00e5ng mellan olika intressen i en destinationsutvecklingsprocess<\/em>&#8221; <strong>av Johanna Jansson &amp; Sofie Jordskogen<\/strong><\/p>\n\n\n\n<p><em>\u201dMed en tydlig f\u00f6rankring i h\u00e5llbar destinationsutveckling har studenterna f\u00f6rdjupat sig i strategisk s\u00e4songsf\u00f6rl\u00e4ngning med fokus p\u00e5 skiddestinationer. Med fokus p\u00e5 Bran\u00e4s har de lyft viktiga perspektiv inom kommersiella kontra milj\u00f6m\u00e4ssiga intressen. Uppsatsen framh\u00e4ver de subtila sp\u00e4nningar som uppst\u00e5r mellan kommersiella och milj\u00f6- m\u00e4ssiga intressen i en omst\u00e4llningsprocess. Det finns ett behov av en balanserad strategi d\u00e4r samverkan och tidig dialog mellan olika intressenter \u00e4r av vikt. Uppsatsen har bidragit till viktiga insikter fram\u00e5t f\u00f6r destinationer som str\u00e4var efter en mer h\u00e5llbar och l\u00e5ngsiktig utveckling.\u201d<\/em><\/p>\n\n\n\n<p>Uppsatsen kan du&nbsp;<a rel=\"noreferrer noopener\" href=\"https:\/\/www.uppsatser.se\/uppsats\/03a7b83a7a\/\" target=\"_blank\">l\u00e4sa h\u00e4r<\/a>.<\/p>\n","protected":false},"author":383,"featured_media":0,"template":"","class_list":["post-4167","news","type-news","status-publish","hentry"],"acf":[],"lang":"sv","translations":{"sv":4167},"pll_sync_post":[],"_links":{"self":[{"href":"https:\/\/www.visitvarmland.com\/corporate\/wp-json\/wp\/v2\/news\/4167","targetHints":{"allow":["GET"]}}],"collection":[{"href":"https:\/\/www.visitvarmland.com\/corporate\/wp-json\/wp\/v2\/news"}],"about":[{"href":"https:\/\/www.visitvarmland.com\/corporate\/wp-json\/wp\/v2\/types\/news"}],"author":[{"embeddable":true,"href":"https:\/\/www.visitvarmland.com\/corporate\/wp-json\/wp\/v2\/users\/383"}],"wp:attachment":[{"href":"https:\/\/www.visitvarmland.com\/corporate\/wp-json\/wp\/v2\/media?parent=4167"}],"curies":[{"name":"wp","href":"https:\/\/api.w.org\/{rel}","templated":true}]}}