{"id":4490,"date":"2024-04-19T15:35:00","date_gmt":"2024-04-19T13:35:00","guid":{"rendered":"https:\/\/www.visitvarmland.com\/corporate\/?post_type=news&#038;p=4490"},"modified":"2024-06-03T17:47:04","modified_gmt":"2024-06-03T15:47:04","slug":"starkt-besoksnaring-i-varmland-genom-datadriven-tjansteutveckling","status":"publish","type":"news","link":"https:\/\/www.visitvarmland.com\/corporate\/nyheter\/starkt-besoksnaring-i-varmland-genom-datadriven-tjansteutveckling\/","title":{"rendered":"St\u00e4rkt bes\u00f6ksn\u00e4ring i V\u00e4rmland genom datadriven tj\u00e4nsteutveckling"},"content":{"rendered":"\n<p><strong>Projektet, Visitors eXperience Lab V\u00e4rmland, tar sikte p\u00e5 att lyfta bes\u00f6ksn\u00e4ringen i V\u00e4rmland genom anv\u00e4ndning av data, AI och innovativ tj\u00e4nsteutveckling. Projektet \u00e4r inriktat p\u00e5 att st\u00e4rka sm\u00e5 och medelstora f\u00f6retags (SMF) f\u00f6rm\u00e5ga till innovation genom att skapa nya datadrivna tj\u00e4nster och samarbetsmetoder. M\u00e5let \u00e4r att bes\u00f6ksn\u00e4ringen ska kunna erbjuda bes\u00f6kare mer tr\u00e4ffs\u00e4kra och attraktiva upplevelser.<\/strong><\/p>\n\n\n\n<p>En viktig del av projektet \u00e4r \u00e4ven att g\u00f6ra bes\u00f6ksn\u00e4ringen mer h\u00e5llbar genom att identifiera och klustra dess utvecklingsbehov via en digital plattform. Dessa behov kopplas sedan till f\u00f6retag och startups som kan erbjuda eller utveckla l\u00e4mpliga l\u00f6sningar.<\/p>\n\n\n\n<p>Pernilla Bredberg, aff\u00e4rsutvecklare och projektledare f\u00f6r Visit V\u00e4rmland, f\u00f6rklarar: &#8221;Det \u00e4r generellt utmanande f\u00f6r mindre f\u00f6retag inom bes\u00f6ksn\u00e4ringen att utveckla egna h\u00e5llbara och attraktiva tj\u00e4nster. V\u00e5r hypotes \u00e4r att enskilda verksamheter inom bes\u00f6ksn\u00e4ringen&nbsp;delar utmaningar med varandra och genom att samla in data fr\u00e5n behovs\u00e4garna p\u00e5 en digital plattform kan utmaningarna l\u00f6sas gemensamt.&#8221;<\/p>\n\n\n\n<p>Plattformen utvecklas just nu och under \u00e5ret p\u00e5b\u00f6rjas en mjuk lansering genom att bes\u00f6ksn\u00e4ringen kopplas p\u00e5 f\u00f6r att mata in sina behov. Samtidigt blir plattformen tillg\u00e4nglig f\u00f6r startups och f\u00f6retag f\u00f6r att l\u00f6sa bes\u00f6ksn\u00e4ringens gemensamma utmaningar.<br><br>Pernilla ger som exempel att det kan handla om att hitta l\u00f6sningar som ett digitalt och interaktivt utbildningsverktyg f\u00f6r bes\u00f6ksn\u00e4ringens personal som anpassas efter verksamheten, eller m\u00f6jligheter f\u00f6r boendeanl\u00e4ggningar att s\u00e4nka bes\u00f6karens energif\u00f6rbrukning under deras bes\u00f6k.<\/p>\n\n\n\n<p>Anders Solberg, Innovation Manager och projektledare f\u00f6r initiativet, till\u00e4gger: &#8221;Det vi utvecklar \u00e4r unikt och sannolikt skalbart till fler regioner. Vi hoppas att m\u00e5nga vill dra nytta av den h\u00e4r aff\u00e4rsm\u00f6jligheten och samtidigt st\u00e4rka bes\u00f6ksn\u00e4ringen.\u201d<br><br>\u00c4ven Karlstads universitet \u00e4r projektpartner och bidrar till att utveckla bes\u00f6ksn\u00e4ringen f\u00f6r att fler ska stanna l\u00e4ngre i V\u00e4rmland. <a href=\"https:\/\/www.kau.se\/ctf\/nyheter\/ai-teknik-ska-fa-besokare-att-stanna-langre-i-varmland\" target=\"_blank\" rel=\"noopener\">H\u00e4r<\/a> kan du l\u00e4sa om AI-verktyget som utvecklas f\u00f6r att l\u00f6sa det.<\/p>\n\n\n\n<p><strong>Om projektet<\/strong><br>Projektet leds av Visit V\u00e4rmland i samarbete med Compare och Karlstads universitet genom Centrum f\u00f6r Tj\u00e4nsteforskning (CTF). Finansieringen kommer fr\u00e5n Europeiska regionala utvecklingsfonden och projektet \u00e4r en del av V\u00e4rmlands smarta specialisering, ett strategiskt partnerskap mellan Visit V\u00e4rmland och Region V\u00e4rmland.<\/p>\n","protected":false},"author":383,"featured_media":4491,"template":"","class_list":["post-4490","news","type-news","status-publish","has-post-thumbnail","hentry"],"acf":[],"lang":"sv","translations":{"sv":4490},"pll_sync_post":[],"_links":{"self":[{"href":"https:\/\/www.visitvarmland.com\/corporate\/wp-json\/wp\/v2\/news\/4490","targetHints":{"allow":["GET"]}}],"collection":[{"href":"https:\/\/www.visitvarmland.com\/corporate\/wp-json\/wp\/v2\/news"}],"about":[{"href":"https:\/\/www.visitvarmland.com\/corporate\/wp-json\/wp\/v2\/types\/news"}],"author":[{"embeddable":true,"href":"https:\/\/www.visitvarmland.com\/corporate\/wp-json\/wp\/v2\/users\/383"}],"wp:featuredmedia":[{"embeddable":true,"href":"https:\/\/www.visitvarmland.com\/corporate\/wp-json\/wp\/v2\/media\/4491"}],"wp:attachment":[{"href":"https:\/\/www.visitvarmland.com\/corporate\/wp-json\/wp\/v2\/media?parent=4490"}],"curies":[{"name":"wp","href":"https:\/\/api.w.org\/{rel}","templated":true}]}}